{"id":93237,"date":"2018-03-06T19:46:51","date_gmt":"2018-03-06T22:46:51","guid":{"rendered":"http:\/\/diarioregionaljf.com.br\/2018\/03\/06\/secretaria-de-saude-promove-semana-da-mulher-com-atividades-educacionais\/"},"modified":"2018-03-06T19:46:51","modified_gmt":"2018-03-06T22:46:51","slug":"secretaria-de-saude-promove-semana-da-mulher-com-atividades-educacionais","status":"publish","type":"post","link":"https:\/\/diarioregionaldigital.com.br\/?p=93237","title":{"rendered":"Secretaria de Sa\u00fade promove \u201cSemana da Mulher\u201d com atividades educacionais"},"content":{"rendered":"<p>Para celebrar a \u201cSemana Internacional da Mulher\u201d, a Secretaria de Sa\u00fade (SS) da Prefeitura de Juiz de Fora (PJF), atrav\u00e9s do Departamento de Sa\u00fade da Mulher (DSM), promover\u00e1 a\u00e7\u00f5es entre esta ter\u00e7a-feira, 6, e sexta, 9. O principal objetivo \u00e9 sensibiliz\u00e1-las para a busca pelo autoconhecimento e os cuidados com a sa\u00fade.<\/p>\n<p>A programa\u00e7\u00e3o conta com palestras que abordam diversos temas, como \u201cAltera\u00e7\u00f5es Emocionais da Gravidez\u201d e \u201cClimat\u00e9rio: Sinais e Sintomas\u201d e a realiza\u00e7\u00e3o de a\u00e7\u00f5es sociais, como a que promover\u00e1 orienta\u00e7\u00f5es sobre utiliza\u00e7\u00e3o de m\u00e9todos contraceptivos.<\/p>\n<p>Segundo a gerente do DSM, Juliane Caixeta, a programa\u00e7\u00e3o deste ano prioriza a educa\u00e7\u00e3o, voltada para o per\u00edodo da gesta\u00e7\u00e3o: \u201cAs atividades contribuem para que gestantes e familiares estejam cientes das altera\u00e7\u00f5es f\u00edsicas e hormonais que ocorrem no corpo da mulher durante a gravidez. Desta forma, todos conseguem se preparar melhor para esta fase\u201d.<\/p>\n<p>As atividades oferecidas pela Semana da Mulher s\u00e3o abertas a todos os p\u00fablicos. As vagas s\u00e3o limitadas e as inscri\u00e7\u00f5es podem ser realizadas atrav\u00e9s do telefone 3690-7136 ou pessoalmente no DSM &#8211; 6\u00ba andar do Pronto Atendimento M\u00e9dico (PAM) Marechal (Rua Marechal Deodoro, n\u00ba 496, Centro).<\/p>\n<p>Confira <a href=\"https:\/\/www.pjf.mg.gov.br\/noticias\/anexo\/programacao.pdf\" target=\"_blank\" rel=\"noopener noreferrer\">aqui<\/a> a programa\u00e7\u00e3o completa.<\/p>\n<p>&nbsp;<\/p>\n<p>Fonte: Assessoria<\/p>\n","protected":false},"excerpt":{"rendered":"<p>Para celebrar a \u201cSemana Internacional da Mulher\u201d, a Secretaria de Sa\u00fade (SS) da Prefeitura de Juiz de Fora (PJF), atrav\u00e9s do Departamento de Sa\u00fade da Mulher (DSM), promover\u00e1 a\u00e7\u00f5es entre esta ter\u00e7a-feira, 6, e sexta, 9. O principal objetivo \u00e9 sensibiliz\u00e1-las para a busca pelo autoconhecimento e os cuidados com a sa\u00fade. A programa\u00e7\u00e3o conta [&hellip;]<\/p>\n","protected":false},"author":96,"featured_media":93236,"comment_status":"closed","ping_status":"closed","sticky":false,"template":"","format":"standard","meta":{"footnotes":""},"categories":[253],"tags":[],"class_list":["post-93237","post","type-post","status-publish","format-standard","has-post-thumbnail","hentry","category-cidade"],"_links":{"self":[{"href":"https:\/\/diarioregionaldigital.com.br\/index.php?rest_route=\/wp\/v2\/posts\/93237","targetHints":{"allow":["GET"]}}],"collection":[{"href":"https:\/\/diarioregionaldigital.com.br\/index.php?rest_route=\/wp\/v2\/posts"}],"about":[{"href":"https:\/\/diarioregionaldigital.com.br\/index.php?rest_route=\/wp\/v2\/types\/post"}],"author":[{"embeddable":true,"href":"https:\/\/diarioregionaldigital.com.br\/index.php?rest_route=\/wp\/v2\/users\/96"}],"replies":[{"embeddable":true,"href":"https:\/\/diarioregionaldigital.com.br\/index.php?rest_route=%2Fwp%2Fv2%2Fcomments&post=93237"}],"version-history":[{"count":0,"href":"https:\/\/diarioregionaldigital.com.br\/index.php?rest_route=\/wp\/v2\/posts\/93237\/revisions"}],"wp:featuredmedia":[{"embeddable":true,"href":"https:\/\/diarioregionaldigital.com.br\/index.php?rest_route=\/wp\/v2\/media\/93236"}],"wp:attachment":[{"href":"https:\/\/diarioregionaldigital.com.br\/index.php?rest_route=%2Fwp%2Fv2%2Fmedia&parent=93237"}],"wp:term":[{"taxonomy":"category","embeddable":true,"href":"https:\/\/diarioregionaldigital.com.br\/index.php?rest_route=%2Fwp%2Fv2%2Fcategories&post=93237"},{"taxonomy":"post_tag","embeddable":true,"href":"https:\/\/diarioregionaldigital.com.br\/index.php?rest_route=%2Fwp%2Fv2%2Ftags&post=93237"}],"curies":[{"name":"wp","href":"https:\/\/api.w.org\/{rel}","templated":true}]}}