{"id":93232,"date":"2018-03-06T19:40:40","date_gmt":"2018-03-06T22:40:40","guid":{"rendered":"http:\/\/diarioregionaljf.com.br\/2018\/03\/06\/edital-de-convocaca0-de-assembleia-geral-extraordinaria\/"},"modified":"2018-08-13T20:37:54","modified_gmt":"2018-08-13T23:37:54","slug":"edital-de-convocaca0-de-assembleia-geral-extraordinaria","status":"publish","type":"post","link":"https:\/\/diarioregionaldigital.com.br\/?p=93232","title":{"rendered":"EDITAL DE CONVOCA\u00c7\u00c30 DE ASSEMBL\u00c9IA GERAL EXTRAORDIN\u00c1RIA"},"content":{"rendered":"<p>SINDICATO DOS EMPREGADOS EM ESTABELECIMENTOS BANC\u00c1RIOS DE CATAGUASES E REGI\u00c3O, por Sua Presidenta, convoca seus associados, empregados em empresas do ramo financeiro, dos munic\u00edpios de Al\u00e9m Para\u00edba, Argirita, Astolfo Dutra, Cataguases, Dona Euz\u00e9bia, Guarani, Guidoval, Guiricema, Itamarati de Minas, Leopoldina, Mira\u00ed, Pirapetinga, Pira\u00faba, Recreio, Rodeiro, Santana de Cataguases, Ub\u00e1, Volta Grande, Tocantins, para Assembl\u00e9ia Extraordin\u00e1ria que ser\u00e1 realizada dia 09 do m\u00eas de mar\u00e7o de 2018, em primeira convoca\u00e7\u00e3o \u00e0s 18:00 horas e em segunda convoca\u00e7\u00e3o \u00e0s 18:30 horas, no endere\u00e7o sito \u00e0 Rua Joaquim Peixoto Ramos \u2013 Vila Jos\u00e9 Rossi, 60 1\u00ba andar para discuss\u00e3o e aprova\u00e7\u00e3o da seguinte ordem do dia:<\/p>\n<p>1) Elei\u00e7\u00e3o de Delegados para o 5\u00ba Congresso da CONTRAF\/CUT;<\/p>\n<p style=\"text-align: center;\">Cataguases, 05 de mar\u00e7o de 2018<\/p>\n<p style=\"text-align: center;\">Presidente \u2013 Elizete Aparecida de Almeida Borela<\/p>\n<hr \/>\n<p>&nbsp;<\/p>\n","protected":false},"excerpt":{"rendered":"<p>SINDICATO DOS EMPREGADOS EM ESTABELECIMENTOS BANC\u00c1RIOS DE CATAGUASES E REGI\u00c3O, por Sua Presidenta, convoca seus associados, empregados em empresas do ramo financeiro, dos munic\u00edpios de Al\u00e9m Para\u00edba, Argirita, Astolfo Dutra, Cataguases, Dona Euz\u00e9bia, Guarani, Guidoval, Guiricema, Itamarati de Minas, Leopoldina, Mira\u00ed, Pirapetinga, Pira\u00faba, Recreio, Rodeiro, Santana de Cataguases, Ub\u00e1, Volta Grande, Tocantins, para Assembl\u00e9ia Extraordin\u00e1ria [&hellip;]<\/p>\n","protected":false},"author":96,"featured_media":0,"comment_status":"closed","ping_status":"closed","sticky":false,"template":"","format":"standard","meta":{"footnotes":""},"categories":[307],"tags":[],"class_list":["post-93232","post","type-post","status-publish","format-standard","hentry","category-editais"],"_links":{"self":[{"href":"https:\/\/diarioregionaldigital.com.br\/index.php?rest_route=\/wp\/v2\/posts\/93232","targetHints":{"allow":["GET"]}}],"collection":[{"href":"https:\/\/diarioregionaldigital.com.br\/index.php?rest_route=\/wp\/v2\/posts"}],"about":[{"href":"https:\/\/diarioregionaldigital.com.br\/index.php?rest_route=\/wp\/v2\/types\/post"}],"author":[{"embeddable":true,"href":"https:\/\/diarioregionaldigital.com.br\/index.php?rest_route=\/wp\/v2\/users\/96"}],"replies":[{"embeddable":true,"href":"https:\/\/diarioregionaldigital.com.br\/index.php?rest_route=%2Fwp%2Fv2%2Fcomments&post=93232"}],"version-history":[{"count":0,"href":"https:\/\/diarioregionaldigital.com.br\/index.php?rest_route=\/wp\/v2\/posts\/93232\/revisions"}],"wp:attachment":[{"href":"https:\/\/diarioregionaldigital.com.br\/index.php?rest_route=%2Fwp%2Fv2%2Fmedia&parent=93232"}],"wp:term":[{"taxonomy":"category","embeddable":true,"href":"https:\/\/diarioregionaldigital.com.br\/index.php?rest_route=%2Fwp%2Fv2%2Fcategories&post=93232"},{"taxonomy":"post_tag","embeddable":true,"href":"https:\/\/diarioregionaldigital.com.br\/index.php?rest_route=%2Fwp%2Fv2%2Ftags&post=93232"}],"curies":[{"name":"wp","href":"https:\/\/api.w.org\/{rel}","templated":true}]}}