{"id":93231,"date":"2018-03-06T18:30:55","date_gmt":"2018-03-06T21:30:55","guid":{"rendered":"http:\/\/diarioregionaljf.com.br\/2018\/03\/06\/renzi-deixa-a-lideranca-do-partido-democratico-apos-derrota-em-eleicao-italiana\/"},"modified":"2018-03-06T18:30:55","modified_gmt":"2018-03-06T21:30:55","slug":"renzi-deixa-a-lideranca-do-partido-democratico-apos-derrota-em-eleicao-italiana","status":"publish","type":"post","link":"https:\/\/diarioregionaldigital.com.br\/?p=93231","title":{"rendered":"Renzi deixa a lideran\u00e7a do Partido Democr\u00e1tico ap\u00f3s derrota em elei\u00e7\u00e3o italiana"},"content":{"rendered":"<p>O secret\u00e1rio-geral do Partido Democr\u00e1tico (PD) e ex-primeiro-ministro da It\u00e1lia, Matteo Renzi, apresentou nessa segunda-feira, 5, a sua ren\u00fancia \u00e0 lideran\u00e7a da legenda, ap\u00f3s os maus resultados obtidos nas elei\u00e7\u00f5es gerais de domingo, nas quais o seu partido obteve cerca de 22,85% dos votos. A informa\u00e7\u00e3o \u00e9 da EFE.<\/p>\n<p>&#8220;\u00c9 \u00f3bvio que, depois deste resultado, eu deixe a dire\u00e7\u00e3o do partido&#8221;, disse Renzi, que afirmou que j\u00e1 pediu ao presidente do PD, Marteo Orfini, que convoque uma assembleia para decidir quem ser\u00e1 o pr\u00f3ximo secret\u00e1rio-geral.<\/p>\n<p>Segundo Renzi, isso ocorrer\u00e1 assim que terminar a forma\u00e7\u00e3o do novo Parlamento e do governo do pa\u00eds.<\/p>\n<p>Fonte: Ag\u00eancia Brasil<\/p>\n","protected":false},"excerpt":{"rendered":"<p>O secret\u00e1rio-geral do Partido Democr\u00e1tico (PD) e ex-primeiro-ministro da It\u00e1lia, Matteo Renzi, apresentou nessa segunda-feira, 5, a sua ren\u00fancia \u00e0 lideran\u00e7a da legenda, ap\u00f3s os maus resultados obtidos nas elei\u00e7\u00f5es gerais de domingo, nas quais o seu partido obteve cerca de 22,85% dos votos. A informa\u00e7\u00e3o \u00e9 da EFE. &#8220;\u00c9 \u00f3bvio que, depois deste resultado, [&hellip;]<\/p>\n","protected":false},"author":96,"featured_media":93230,"comment_status":"closed","ping_status":"closed","sticky":false,"template":"","format":"standard","meta":{"footnotes":""},"categories":[302],"tags":[],"class_list":["post-93231","post","type-post","status-publish","format-standard","has-post-thumbnail","hentry","category-brasil-mundo"],"_links":{"self":[{"href":"https:\/\/diarioregionaldigital.com.br\/index.php?rest_route=\/wp\/v2\/posts\/93231","targetHints":{"allow":["GET"]}}],"collection":[{"href":"https:\/\/diarioregionaldigital.com.br\/index.php?rest_route=\/wp\/v2\/posts"}],"about":[{"href":"https:\/\/diarioregionaldigital.com.br\/index.php?rest_route=\/wp\/v2\/types\/post"}],"author":[{"embeddable":true,"href":"https:\/\/diarioregionaldigital.com.br\/index.php?rest_route=\/wp\/v2\/users\/96"}],"replies":[{"embeddable":true,"href":"https:\/\/diarioregionaldigital.com.br\/index.php?rest_route=%2Fwp%2Fv2%2Fcomments&post=93231"}],"version-history":[{"count":0,"href":"https:\/\/diarioregionaldigital.com.br\/index.php?rest_route=\/wp\/v2\/posts\/93231\/revisions"}],"wp:featuredmedia":[{"embeddable":true,"href":"https:\/\/diarioregionaldigital.com.br\/index.php?rest_route=\/wp\/v2\/media\/93230"}],"wp:attachment":[{"href":"https:\/\/diarioregionaldigital.com.br\/index.php?rest_route=%2Fwp%2Fv2%2Fmedia&parent=93231"}],"wp:term":[{"taxonomy":"category","embeddable":true,"href":"https:\/\/diarioregionaldigital.com.br\/index.php?rest_route=%2Fwp%2Fv2%2Fcategories&post=93231"},{"taxonomy":"post_tag","embeddable":true,"href":"https:\/\/diarioregionaldigital.com.br\/index.php?rest_route=%2Fwp%2Fv2%2Ftags&post=93231"}],"curies":[{"name":"wp","href":"https:\/\/api.w.org\/{rel}","templated":true}]}}