{"id":93229,"date":"2018-03-06T18:26:07","date_gmt":"2018-03-06T21:26:07","guid":{"rendered":"http:\/\/diarioregionaljf.com.br\/2018\/03\/06\/evento-com-mais-30-paises-debate-combate-a-fome-na-america-latina-e-caribe\/"},"modified":"2018-03-06T18:26:07","modified_gmt":"2018-03-06T21:26:07","slug":"evento-com-mais-30-paises-debate-combate-a-fome-na-america-latina-e-caribe","status":"publish","type":"post","link":"https:\/\/diarioregionaldigital.com.br\/?p=93229","title":{"rendered":"Evento com mais 30 pa\u00edses debate combate \u00e0 fome na Am\u00e9rica Latina e Caribe"},"content":{"rendered":"<p>A fome, o sobrepeso e a obesidade, a pobreza rural, as amea\u00e7as \u00e0 agricultura pelas mudan\u00e7as clim\u00e1ticas e a piora nas condi\u00e7\u00f5es do meio ambiente s\u00e3o problemas que acometem a regi\u00e3o da Am\u00e9rica Latina e Caribe. Para debater como superar esses desafios, representantes de governos de 33 pa\u00edses, al\u00e9m de integrantes do setor privado e da sociedade civil, re\u00fanem-se na Jamaica, desde segunda-feira, 5, na 35\u00aa edi\u00e7\u00e3o da Confer\u00eancia Regional da Organiza\u00e7\u00e3o das Na\u00e7\u00f5es Unidas para a Alimenta\u00e7\u00e3o e Agricultura (FAO). O evento vai at\u00e9 quinta-feira, 8.<\/p>\n<p>O objetivo do encontro \u00e9 discutir os obst\u00e1culos que impedem as pessoas da regi\u00e3o de ter uma alimenta\u00e7\u00e3o adequada e diversa, produzida a partir de sistemas agr\u00edcolas justos e em uma rela\u00e7\u00e3o sustent\u00e1vel com o meio ambiente, promovendo a seguran\u00e7a alimentar e a alimenta\u00e7\u00e3o como um direito humano.<\/p>\n<h4>&nbsp;<\/h4>\n<h4>FOME E OBESIDADE<\/h4>\n<p>Uma preocupa\u00e7\u00e3o central da Confer\u00eancia ser\u00e1 o combate \u00e0 fome, uma das metas definidas como Objetivo de Desenvolvimento Sustent\u00e1vel (ODS) pela Organiza\u00e7\u00e3o das Na\u00e7\u00f5es Unidas (ONU). Segundo a FAO, depois de d\u00e9cadas o problema voltou a crescer na regi\u00e3o. Entre 2015 e 2016, mais 2,4 milh\u00f5es de pessoas entraram nessa situa\u00e7\u00e3o, totalizando 42,5 milh\u00f5es de cidad\u00e3os sem alimenta\u00e7\u00e3o adequada.<\/p>\n<p>Ao mesmo tempo, a obesidade e o sobrepeso tamb\u00e9m cresceram. Na abertura do evento, o oficial de Seguran\u00e7a Alimentar da FAO, Ricardo Rapallo, chamou a aten\u00e7\u00e3o para esse quadro. \u201cO sobrepeso e a obesidade aumentam na Am\u00e9rica Latina e Caribe. Do total, 24 pa\u00edses da regi\u00e3o apresentam taxas maiores que 20% de sua popula\u00e7\u00e3o\u201d, afirmou.<\/p>\n<p>A declara\u00e7\u00e3o, assim como a de outros representantes da FAO, foi reproduzida nas contas oficiais da FAO e do evento no Twitter.<\/p>\n<h4>&nbsp;<\/h4>\n<h4>POBREZA<\/h4>\n<p>Benjamin Davis, oficial do Programa Estrat\u00e9gico de Redu\u00e7\u00e3o da Pobreza da FAO, destacou a import\u00e2ncia de atacar o problema da pobreza rural, que atinge quase metade das pessoas nessas \u00e1reas de acordo com a FAO. &#8220;Para diminuir a pobreza rural, \u00e9 necess\u00e1rio inovar nas pol\u00edticas p\u00fablicas, revitalizar territ\u00f3rios rurais, renovar estrat\u00e9gias de Desenvolvimento Rural e reduzir assimetrias&#8221;, defendeu.<\/p>\n<p>Uma das iniciativas de promo\u00e7\u00e3o da seguran\u00e7a alimentar que est\u00e1 sendo analisada na reuni\u00e3o \u00e9 a garantia de alimenta\u00e7\u00e3o a alunos por meio de programas governamentais. Julio Berdegu\u00e9, representante regional da FAO para as Am\u00e9ricas, destacou a dissemina\u00e7\u00e3o dessas medidas assegurando, ao mesmo tempo, a promo\u00e7\u00e3o da produ\u00e7\u00e3o pela agricultura familiar.<\/p>\n<p>&#8220;Conseguimos estabelecer programas de Alimenta\u00e7\u00e3o Escolar em 100% dos pa\u00edses da regi\u00e3o; e em um ter\u00e7o deles estes programas adquirem parte dos alimentos da Agricultura Familiar&#8221;, pontuou Berdegu\u00e9.<\/p>\n<p>O evento tamb\u00e9m discute o uso de recursos naturais, como \u00e9 o caso da \u00e1gua. Jorge Meza, oficial de Florestas da FAO, alertou para os preju\u00edzos do desperd\u00edcio lembrando que dos cerca de 70% de consumo de \u00e1gua empregados na agricultura quase a metade (45%) \u00e9 desperdi\u00e7ada.<\/p>\n<h4>&nbsp;<\/h4>\n<h4>BRASIL<\/h4>\n<p>Durante a reuni\u00e3o, o governo brasileiro vai apresentar as a\u00e7\u00f5es realizadas por diversos minist\u00e9rios em rela\u00e7\u00e3o ao tema. Uma das agendas a ser refor\u00e7ada ser\u00e1 a da agricultura familiar.<\/p>\n<p>\u201cA agricultura familiar \u00e9 o p\u00fablico mais numeroso no meio rural em todos os pa\u00edses da regi\u00e3o. \u00c9 a que produz a maior parte dos alimentos consumidos em todos os pa\u00edses e, na verdade, a miss\u00e3o \u00e9 dizer para a FAO continuar trabalhando para desenvolver pol\u00edticas para o meio rural, como a pol\u00edtica de cr\u00e9dito, de assist\u00eancia t\u00e9cnica e extens\u00e3o rural, cr\u00e9dito e regulariza\u00e7\u00e3o fundi\u00e1ria\u201d, diz o secret\u00e1rio especial da Agricultura Familiar e Desenvolvimento Agr\u00e1rio, Jefferson Coriteac.<\/p>\n<p>Na sess\u00e3o de abertura, o Brasil foi elogiado pelo representante da FAO para as Am\u00e9ricas, Julio Berdegue, como um dos pa\u00edses que t\u00eam contribu\u00eddo em projetos de coopera\u00e7\u00e3o Sul-Sul, juntamente com M\u00e9xico e Venezuela.<\/p>\n<p>Fonte: Ag\u00eancia Brasil<\/p>\n","protected":false},"excerpt":{"rendered":"<p>A fome, o sobrepeso e a obesidade, a pobreza rural, as amea\u00e7as \u00e0 agricultura pelas mudan\u00e7as clim\u00e1ticas e a piora nas condi\u00e7\u00f5es do meio ambiente s\u00e3o problemas que acometem a regi\u00e3o da Am\u00e9rica Latina e Caribe. Para debater como superar esses desafios, representantes de governos de 33 pa\u00edses, al\u00e9m de integrantes do setor privado e [&hellip;]<\/p>\n","protected":false},"author":96,"featured_media":93228,"comment_status":"closed","ping_status":"closed","sticky":false,"template":"","format":"standard","meta":{"footnotes":""},"categories":[302],"tags":[],"class_list":["post-93229","post","type-post","status-publish","format-standard","has-post-thumbnail","hentry","category-brasil-mundo"],"_links":{"self":[{"href":"https:\/\/diarioregionaldigital.com.br\/index.php?rest_route=\/wp\/v2\/posts\/93229","targetHints":{"allow":["GET"]}}],"collection":[{"href":"https:\/\/diarioregionaldigital.com.br\/index.php?rest_route=\/wp\/v2\/posts"}],"about":[{"href":"https:\/\/diarioregionaldigital.com.br\/index.php?rest_route=\/wp\/v2\/types\/post"}],"author":[{"embeddable":true,"href":"https:\/\/diarioregionaldigital.com.br\/index.php?rest_route=\/wp\/v2\/users\/96"}],"replies":[{"embeddable":true,"href":"https:\/\/diarioregionaldigital.com.br\/index.php?rest_route=%2Fwp%2Fv2%2Fcomments&post=93229"}],"version-history":[{"count":0,"href":"https:\/\/diarioregionaldigital.com.br\/index.php?rest_route=\/wp\/v2\/posts\/93229\/revisions"}],"wp:featuredmedia":[{"embeddable":true,"href":"https:\/\/diarioregionaldigital.com.br\/index.php?rest_route=\/wp\/v2\/media\/93228"}],"wp:attachment":[{"href":"https:\/\/diarioregionaldigital.com.br\/index.php?rest_route=%2Fwp%2Fv2%2Fmedia&parent=93229"}],"wp:term":[{"taxonomy":"category","embeddable":true,"href":"https:\/\/diarioregionaldigital.com.br\/index.php?rest_route=%2Fwp%2Fv2%2Fcategories&post=93229"},{"taxonomy":"post_tag","embeddable":true,"href":"https:\/\/diarioregionaldigital.com.br\/index.php?rest_route=%2Fwp%2Fv2%2Ftags&post=93229"}],"curies":[{"name":"wp","href":"https:\/\/api.w.org\/{rel}","templated":true}]}}