{"id":93227,"date":"2018-03-06T16:39:55","date_gmt":"2018-03-06T19:39:55","guid":{"rendered":"http:\/\/diarioregionaljf.com.br\/2018\/03\/06\/funcionario-de-empresa-de-telefonia-e-assaltado-por-trio-armado-durante-servico-no-sao-pedro\/"},"modified":"2018-03-06T16:39:55","modified_gmt":"2018-03-06T19:39:55","slug":"funcionario-de-empresa-de-telefonia-e-assaltado-por-trio-armado-durante-servico-no-sao-pedro","status":"publish","type":"post","link":"https:\/\/diarioregionaldigital.com.br\/?p=93227","title":{"rendered":"Funcion\u00e1rio de empresa de telefonia \u00e9 assaltado por trio armado durante servi\u00e7o no S\u00e3o Pedro"},"content":{"rendered":"<p>Um homem de 64 anos, funcion\u00e1rio de uma empresa de telefonia, foi assaltado enquanto realizava um servi\u00e7o na noite desta segunda-feira, 5, no bairro S\u00e3o Pedro, localizado na zona Oeste da cidade.<\/p>\n<p>De acordo com a Pol\u00edcia Militar (PM), a v\u00edtima realizava servi\u00e7os de monitoramento de rotina nas centrais telef\u00f4nicas e redes de cabo na Avenida Manoel Vaz de Magalh\u00e3es, quando foi surpreendido por tr\u00eas indiv\u00edduos que anunciaram o assalto.<\/p>\n<p>Os autores estavam encapuzados e todos com armas de fogo. Eles amea\u00e7aram o homem de morte, caso n\u00e3o entregasse a chave do ve\u00edculo, um Ford Escort, que estava estacionado logo a sua frente.<\/p>\n<p>Diante das amea\u00e7as o homem informou que a chave do carro estava na igni\u00e7\u00e3o, momento em que os autores embarcaram no ve\u00edculo e partiram em dire\u00e7\u00e3o a um condom\u00ednio do bairro.<\/p>\n<p>A PM foi acionada e realizou cerco em poss\u00edveis passagens do carro, durante as buscas, uma equipe t\u00e1tica localizou o ve\u00edculo, abandonado, na Rua Major Reinaldo Lawal, no bairro Cai\u00e7aras.<\/p>\n<p>O autom\u00f3vel estava com a porta do motorista aberta, entretanto as chaves n\u00e3o estavam no interior do carro.<\/p>\n<p>Nenhum suspeito estava no local e durante buscas no interior do ve\u00edculo, a v\u00edtima notou que dois celulares e uma lanterna foram roubados.<\/p>\n<p>A v\u00edtima recebeu as orienta\u00e7\u00f5es necess\u00e1rias.<\/p>\n","protected":false},"excerpt":{"rendered":"<p>Um homem de 64 anos, funcion\u00e1rio de uma empresa de telefonia, foi assaltado enquanto realizava um servi\u00e7o na noite desta segunda-feira, 5, no bairro S\u00e3o Pedro, localizado na zona Oeste da cidade. De acordo com a Pol\u00edcia Militar (PM), a v\u00edtima realizava servi\u00e7os de monitoramento de rotina nas centrais telef\u00f4nicas e redes de cabo na [&hellip;]<\/p>\n","protected":false},"author":96,"featured_media":93226,"comment_status":"closed","ping_status":"closed","sticky":false,"template":"","format":"standard","meta":{"footnotes":""},"categories":[301],"tags":[],"class_list":["post-93227","post","type-post","status-publish","format-standard","has-post-thumbnail","hentry","category-artigos-policiais"],"_links":{"self":[{"href":"https:\/\/diarioregionaldigital.com.br\/index.php?rest_route=\/wp\/v2\/posts\/93227","targetHints":{"allow":["GET"]}}],"collection":[{"href":"https:\/\/diarioregionaldigital.com.br\/index.php?rest_route=\/wp\/v2\/posts"}],"about":[{"href":"https:\/\/diarioregionaldigital.com.br\/index.php?rest_route=\/wp\/v2\/types\/post"}],"author":[{"embeddable":true,"href":"https:\/\/diarioregionaldigital.com.br\/index.php?rest_route=\/wp\/v2\/users\/96"}],"replies":[{"embeddable":true,"href":"https:\/\/diarioregionaldigital.com.br\/index.php?rest_route=%2Fwp%2Fv2%2Fcomments&post=93227"}],"version-history":[{"count":0,"href":"https:\/\/diarioregionaldigital.com.br\/index.php?rest_route=\/wp\/v2\/posts\/93227\/revisions"}],"wp:featuredmedia":[{"embeddable":true,"href":"https:\/\/diarioregionaldigital.com.br\/index.php?rest_route=\/wp\/v2\/media\/93226"}],"wp:attachment":[{"href":"https:\/\/diarioregionaldigital.com.br\/index.php?rest_route=%2Fwp%2Fv2%2Fmedia&parent=93227"}],"wp:term":[{"taxonomy":"category","embeddable":true,"href":"https:\/\/diarioregionaldigital.com.br\/index.php?rest_route=%2Fwp%2Fv2%2Fcategories&post=93227"},{"taxonomy":"post_tag","embeddable":true,"href":"https:\/\/diarioregionaldigital.com.br\/index.php?rest_route=%2Fwp%2Fv2%2Ftags&post=93227"}],"curies":[{"name":"wp","href":"https:\/\/api.w.org\/{rel}","templated":true}]}}