{"id":93225,"date":"2018-03-06T15:55:50","date_gmt":"2018-03-06T18:55:50","guid":{"rendered":"http:\/\/diarioregionaljf.com.br\/2018\/03\/06\/casal-e-assaltado-a-mao-armada-no-manoel-honorio\/"},"modified":"2018-03-06T15:55:50","modified_gmt":"2018-03-06T18:55:50","slug":"casal-e-assaltado-a-mao-armada-no-manoel-honorio","status":"publish","type":"post","link":"https:\/\/diarioregionaldigital.com.br\/?p=93225","title":{"rendered":"Casal \u00e9 assaltado \u00e0 m\u00e3o armada no Manoel Hon\u00f3rio"},"content":{"rendered":"<p>Um casal foi assaltado na noite desta segunda-feira, 5, no bairro Manoel Hon\u00f3rio, localizado na zona Lesta da cidade.<\/p>\n<p>De acordo com o registro de ocorr\u00eancias da Pol\u00edcia Militar (PM), o homem, de 30 anos, e sua esposa, que n\u00e3o teve a idade informada, passavam pela Rua Eug\u00eanio Fontainha, quando foram abordados por um indiv\u00edduo que anunciou o assalto.<\/p>\n<p>O autor estava armado com um rev\u00f3lver e encostou o objeto na barriga do homem, exigindo que ele entregasse a carteira com dinheiro.<\/p>\n<p>Nesse momento a v\u00edtima mostrou a carteira e afirmou que n\u00e3o tinha nenhuma quantia. N\u00e3o satisfeito o assaltante pediu o celular, o qual foi prontamente entregue.<\/p>\n<p>Ap\u00f3s a a\u00e7\u00e3o o autor amea\u00e7ou as v\u00edtimas, exigindo que sa\u00edssem do local sem olhar para tr\u00e1s, enquanto ele fugia.<\/p>\n<p>A PM foi acionada, realizou buscas pela regi\u00e3o, entretanto nenhum suspeito foi localizado.<\/p>\n","protected":false},"excerpt":{"rendered":"<p>Um casal foi assaltado na noite desta segunda-feira, 5, no bairro Manoel Hon\u00f3rio, localizado na zona Lesta da cidade. De acordo com o registro de ocorr\u00eancias da Pol\u00edcia Militar (PM), o homem, de 30 anos, e sua esposa, que n\u00e3o teve a idade informada, passavam pela Rua Eug\u00eanio Fontainha, quando foram abordados por um indiv\u00edduo [&hellip;]<\/p>\n","protected":false},"author":96,"featured_media":93224,"comment_status":"closed","ping_status":"closed","sticky":false,"template":"","format":"standard","meta":{"footnotes":""},"categories":[301],"tags":[],"class_list":["post-93225","post","type-post","status-publish","format-standard","has-post-thumbnail","hentry","category-artigos-policiais"],"_links":{"self":[{"href":"https:\/\/diarioregionaldigital.com.br\/index.php?rest_route=\/wp\/v2\/posts\/93225","targetHints":{"allow":["GET"]}}],"collection":[{"href":"https:\/\/diarioregionaldigital.com.br\/index.php?rest_route=\/wp\/v2\/posts"}],"about":[{"href":"https:\/\/diarioregionaldigital.com.br\/index.php?rest_route=\/wp\/v2\/types\/post"}],"author":[{"embeddable":true,"href":"https:\/\/diarioregionaldigital.com.br\/index.php?rest_route=\/wp\/v2\/users\/96"}],"replies":[{"embeddable":true,"href":"https:\/\/diarioregionaldigital.com.br\/index.php?rest_route=%2Fwp%2Fv2%2Fcomments&post=93225"}],"version-history":[{"count":0,"href":"https:\/\/diarioregionaldigital.com.br\/index.php?rest_route=\/wp\/v2\/posts\/93225\/revisions"}],"wp:featuredmedia":[{"embeddable":true,"href":"https:\/\/diarioregionaldigital.com.br\/index.php?rest_route=\/wp\/v2\/media\/93224"}],"wp:attachment":[{"href":"https:\/\/diarioregionaldigital.com.br\/index.php?rest_route=%2Fwp%2Fv2%2Fmedia&parent=93225"}],"wp:term":[{"taxonomy":"category","embeddable":true,"href":"https:\/\/diarioregionaldigital.com.br\/index.php?rest_route=%2Fwp%2Fv2%2Fcategories&post=93225"},{"taxonomy":"post_tag","embeddable":true,"href":"https:\/\/diarioregionaldigital.com.br\/index.php?rest_route=%2Fwp%2Fv2%2Ftags&post=93225"}],"curies":[{"name":"wp","href":"https:\/\/api.w.org\/{rel}","templated":true}]}}