{"id":93223,"date":"2018-03-06T14:41:58","date_gmt":"2018-03-06T17:41:58","guid":{"rendered":"http:\/\/diarioregionaljf.com.br\/2018\/03\/06\/policia-civil-prende-suspeito-de-armazenar-material-pornografico-envolvendo-crianca-e-adolescente\/"},"modified":"2018-03-06T14:41:58","modified_gmt":"2018-03-06T17:41:58","slug":"policia-civil-prende-suspeito-de-armazenar-material-pornografico-envolvendo-crianca-e-adolescente","status":"publish","type":"post","link":"https:\/\/diarioregionaldigital.com.br\/?p=93223","title":{"rendered":"Pol\u00edcia Civil prende suspeito de armazenar material pornogr\u00e1fico envolvendo crian\u00e7a e adolescente"},"content":{"rendered":"<p>Nessa segunda-feira, 5, a Pol\u00edcia Civil de Minas Gerais prendeu em flagrante, na Avenida Sete de Setembro, em Juiz de Fora, um homem de 45 anos, suspeito de armazenar material pornogr\u00e1fico de crian\u00e7a e adolescente e de transmitir um dos materiais por meio do aplicativo WhatsApp.<\/p>\n<p>Conforme a Delegada Ione Maria Moreira Dias Barbosa, ap\u00f3s a den\u00fancia, a equipe da Delegacia Especializada de Atendimento \u00e0 Mulher cumpriu mandado de busca e apreens\u00e3o na resid\u00eancia do investigado, onde foram localizados um notebook, celular e outros materiais. \u201cNo notebook, a per\u00edcia detectou 15 v\u00eddeos de cunho pornogr\u00e1fico. J\u00e1 no aparelho telef\u00f4nico, havia um v\u00eddeo que ele chegou a transmitir para outros usu\u00e1rios do WhatsApp\u201d, explicou.<\/p>\n<p>Segundo a Delegada, os outros materiais localizados, entre eles, c\u00e2mera e computadores, tamb\u00e9m foram apreendidos e as investiga\u00e7\u00f5es prosseguem.<\/p>\n<p>O suspeito ser\u00e1 encaminhado ao Sistema Prisional.<\/p>\n<p>Fonte: Assessoria \/ Pol\u00edcia Civil<\/p>\n","protected":false},"excerpt":{"rendered":"<p>Nessa segunda-feira, 5, a Pol\u00edcia Civil de Minas Gerais prendeu em flagrante, na Avenida Sete de Setembro, em Juiz de Fora, um homem de 45 anos, suspeito de armazenar material pornogr\u00e1fico de crian\u00e7a e adolescente e de transmitir um dos materiais por meio do aplicativo WhatsApp. Conforme a Delegada Ione Maria Moreira Dias Barbosa, ap\u00f3s [&hellip;]<\/p>\n","protected":false},"author":96,"featured_media":93222,"comment_status":"closed","ping_status":"closed","sticky":false,"template":"","format":"standard","meta":{"footnotes":""},"categories":[253],"tags":[],"class_list":["post-93223","post","type-post","status-publish","format-standard","has-post-thumbnail","hentry","category-cidade"],"_links":{"self":[{"href":"https:\/\/diarioregionaldigital.com.br\/index.php?rest_route=\/wp\/v2\/posts\/93223","targetHints":{"allow":["GET"]}}],"collection":[{"href":"https:\/\/diarioregionaldigital.com.br\/index.php?rest_route=\/wp\/v2\/posts"}],"about":[{"href":"https:\/\/diarioregionaldigital.com.br\/index.php?rest_route=\/wp\/v2\/types\/post"}],"author":[{"embeddable":true,"href":"https:\/\/diarioregionaldigital.com.br\/index.php?rest_route=\/wp\/v2\/users\/96"}],"replies":[{"embeddable":true,"href":"https:\/\/diarioregionaldigital.com.br\/index.php?rest_route=%2Fwp%2Fv2%2Fcomments&post=93223"}],"version-history":[{"count":0,"href":"https:\/\/diarioregionaldigital.com.br\/index.php?rest_route=\/wp\/v2\/posts\/93223\/revisions"}],"wp:featuredmedia":[{"embeddable":true,"href":"https:\/\/diarioregionaldigital.com.br\/index.php?rest_route=\/wp\/v2\/media\/93222"}],"wp:attachment":[{"href":"https:\/\/diarioregionaldigital.com.br\/index.php?rest_route=%2Fwp%2Fv2%2Fmedia&parent=93223"}],"wp:term":[{"taxonomy":"category","embeddable":true,"href":"https:\/\/diarioregionaldigital.com.br\/index.php?rest_route=%2Fwp%2Fv2%2Fcategories&post=93223"},{"taxonomy":"post_tag","embeddable":true,"href":"https:\/\/diarioregionaldigital.com.br\/index.php?rest_route=%2Fwp%2Fv2%2Ftags&post=93223"}],"curies":[{"name":"wp","href":"https:\/\/api.w.org\/{rel}","templated":true}]}}