{"id":93217,"date":"2018-03-06T11:45:22","date_gmt":"2018-03-06T14:45:22","guid":{"rendered":"http:\/\/diarioregionaljf.com.br\/2018\/03\/06\/barroso-quebra-sigilo-bancario-de-temer-presidente-garante-divulgacao-total\/"},"modified":"2018-03-06T11:45:22","modified_gmt":"2018-03-06T14:45:22","slug":"barroso-quebra-sigilo-bancario-de-temer-presidente-garante-divulgacao-total","status":"publish","type":"post","link":"https:\/\/diarioregionaldigital.com.br\/?p=93217","title":{"rendered":"Barroso quebra sigilo banc\u00e1rio de Temer; presidente garante divulga\u00e7\u00e3o total"},"content":{"rendered":"<p>Em nota, divulgada na noite de hoje, 5, a Presid\u00eancia da Rep\u00fablica informou que o presidente Michel Temer ir\u00e1 solicitar ao Banco Central todos os seus extratos banc\u00e1rios e a divulga\u00e7\u00e3o desses ap\u00f3s o ministro Lu\u00eds Roberto Barroso, do Supremo Tribunal Federal, ter autorizado a quebra do sigilo banc\u00e1rio do presidente, conforme divulgado pela imprensa.<\/p>\n<p>&#8220;O presidente Michel Temer solicitar\u00e1 ao Banco Central os extratos de suas contas banc\u00e1rias referentes ao per\u00edodo mencionado hoje no despacho do iminente ministro Lu\u00eds Roberto Barroso. E dar\u00e1 \u00e0 imprensa total acesso a esses documentos. O presidente n\u00e3o tem nenhuma preocupa\u00e7\u00e3o com as informa\u00e7\u00f5es constantes em suas contas banc\u00e1rias&#8221;, diz a nota, assinada pela Secretaria Especial de Comunica\u00e7\u00e3o Social.<\/p>\n<p>Barroso \u00e9 o respons\u00e1vel no STF pelo inqu\u00e9rito que investiga o suposto favorecimento da empresa Rodrimar S\/A por meio da edi\u00e7\u00e3o do chamado Decreto dos Portos (Decreto 9.048\/2017), assinado pelo presidente Michel Temer em maio do ano passado. Na a\u00e7\u00e3o, al\u00e9m de Temer, s\u00e3o investigados o ex-deputado Rodrigo Rocha Loures e os empres\u00e1rios Ant\u00f4nio Celso Grecco e Ricardo Mesquita, donos da Rodrimar, empresa que atua no Porto de Santos.<\/p>\n<p>Em janeiro, ao responder por escrito aos questionamentos dos delegados respons\u00e1veis pelo caso, a defesa do presidente Temer declarou que ele nunca foi procurado por empres\u00e1rios do setor portu\u00e1rio para tratar da edi\u00e7\u00e3o do decreto, tampouco autorizou qualquer pessoa a fazer tratativas em seu nome.<\/p>\n<p>Fonte: Ag\u00eancia Brasil<\/p>\n","protected":false},"excerpt":{"rendered":"<p>Em nota, divulgada na noite de hoje, 5, a Presid\u00eancia da Rep\u00fablica informou que o presidente Michel Temer ir\u00e1 solicitar ao Banco Central todos os seus extratos banc\u00e1rios e a divulga\u00e7\u00e3o desses ap\u00f3s o ministro Lu\u00eds Roberto Barroso, do Supremo Tribunal Federal, ter autorizado a quebra do sigilo banc\u00e1rio do presidente, conforme divulgado pela imprensa. [&hellip;]<\/p>\n","protected":false},"author":96,"featured_media":93216,"comment_status":"closed","ping_status":"closed","sticky":false,"template":"","format":"standard","meta":{"footnotes":""},"categories":[254],"tags":[],"class_list":["post-93217","post","type-post","status-publish","format-standard","has-post-thumbnail","hentry","category-politica"],"_links":{"self":[{"href":"https:\/\/diarioregionaldigital.com.br\/index.php?rest_route=\/wp\/v2\/posts\/93217","targetHints":{"allow":["GET"]}}],"collection":[{"href":"https:\/\/diarioregionaldigital.com.br\/index.php?rest_route=\/wp\/v2\/posts"}],"about":[{"href":"https:\/\/diarioregionaldigital.com.br\/index.php?rest_route=\/wp\/v2\/types\/post"}],"author":[{"embeddable":true,"href":"https:\/\/diarioregionaldigital.com.br\/index.php?rest_route=\/wp\/v2\/users\/96"}],"replies":[{"embeddable":true,"href":"https:\/\/diarioregionaldigital.com.br\/index.php?rest_route=%2Fwp%2Fv2%2Fcomments&post=93217"}],"version-history":[{"count":0,"href":"https:\/\/diarioregionaldigital.com.br\/index.php?rest_route=\/wp\/v2\/posts\/93217\/revisions"}],"wp:featuredmedia":[{"embeddable":true,"href":"https:\/\/diarioregionaldigital.com.br\/index.php?rest_route=\/wp\/v2\/media\/93216"}],"wp:attachment":[{"href":"https:\/\/diarioregionaldigital.com.br\/index.php?rest_route=%2Fwp%2Fv2%2Fmedia&parent=93217"}],"wp:term":[{"taxonomy":"category","embeddable":true,"href":"https:\/\/diarioregionaldigital.com.br\/index.php?rest_route=%2Fwp%2Fv2%2Fcategories&post=93217"},{"taxonomy":"post_tag","embeddable":true,"href":"https:\/\/diarioregionaldigital.com.br\/index.php?rest_route=%2Fwp%2Fv2%2Ftags&post=93217"}],"curies":[{"name":"wp","href":"https:\/\/api.w.org\/{rel}","templated":true}]}}