{"id":93213,"date":"2018-03-05T22:51:54","date_gmt":"2018-03-06T01:51:54","guid":{"rendered":"http:\/\/diarioregionaljf.com.br\/2018\/03\/05\/ta-na-hora\/"},"modified":"2018-03-05T22:51:54","modified_gmt":"2018-03-06T01:51:54","slug":"ta-na-hora","status":"publish","type":"post","link":"https:\/\/diarioregionaldigital.com.br\/?p=93213","title":{"rendered":"T\u00e1 na hora"},"content":{"rendered":"<h4 style=\"text-align: center;\">T\u00e1 na hora<\/h4>\n<p>&nbsp;<\/p>\n<p style=\"text-align: center;\">Com dois meses de atraso, o programa Fica Vivo deve come\u00e7ar este m\u00eas em Juiz de Fora. O programa da Secretaria de Estado de Seguran\u00e7a P\u00fablica (Sesp) ainda n\u00e3o foi divulgado quanto a sua inicia\u00e7\u00e3o, mas a pasta afirmou que o pessoal contratado para atuar no projeto j\u00e1 est\u00e1 em treinamento.<\/p>\n<h4 style=\"text-align: center;\">Palestra no MAM<\/h4>\n<p>A convite do CAC &#8211; Centro de&nbsp;A\u00e7\u00e3o Cultural, a pesquisadora&nbsp;de M\u00fasica Brasileira, Maristela&nbsp;Rocha, ministra palestra nesta&nbsp;ter\u00e7a-feira, \u00e0s 15h, no Museu&nbsp;de Arte Murilo Mendes, sobre os 170 anos da pianista, maestrina e compositora Chiquinha&nbsp;Gonzaga. J\u00e1 no dia 13&nbsp;de mar\u00e7o, Maristela retorna&nbsp;ao MAMM para falar sobre o&nbsp;compositor Heitor Villa-Lobos.<\/p>\n<p>&nbsp;<\/p>\n<h4 style=\"text-align: center;\">Direitos Civis<\/h4>\n<p style=\"text-align: center;\">A modernidade e a mudan\u00e7a no pensar est\u00e1 batendo na casa de 2018. O Supremo Tribunal Federal (STF) decidiu autorizar transexuais e transg\u00eaneros a alteraram o nome no registro civil sem a realiza\u00e7\u00e3o de cirurgia de mudan\u00e7a de sexo. Por unanimidade, a altera\u00e7\u00e3o foi aprovada e agora a solicita\u00e7\u00e3o poder\u00e1 ser feita em cart\u00f3rio. A Corte n\u00e3o definiu a partir de quando.<\/p>\n<h4>&nbsp;<\/h4>\n<h4 style=\"text-align: center;\">Na Urna<\/h4>\n<p>&nbsp;<\/p>\n<p style=\"text-align: center;\">Sindicalistas tentam convencer Michel Temer a mudar a corre\u00e7\u00e3o monet\u00e1ria dos saldos das contas vinculadas ao FGTS. Um questionamento sobre as regras de corre\u00e7\u00e3o estava na pauta do STJ, semana passada, mas acabou retirado. O presidente disse que pedir\u00e1 \u00e0 Fazenda para estudar o caso.<\/p>\n<p>&nbsp;<\/p>\n<h4 style=\"text-align: center;\">Olha s\u00f3<\/h4>\n<p>&nbsp;<\/p>\n<p style=\"text-align: center;\">O governo vai apresentar hoje aos governadores que vir\u00e3o a Bras\u00edlia um pacote com novas linhas de financiamento para projetos de seguran\u00e7a p\u00fablica.<\/p>\n<p>&nbsp;<\/p>\n<h4 style=\"text-align: center;\">Deu pau<\/h4>\n<p>&nbsp;<\/p>\n<p style=\"text-align: center;\">O Conselho Administrativo de Defesa Econ\u00f4mica (Cade) reprovou a compra da Liquig\u00e1s Distribuidora, subsidi\u00e1ria da Petrobras, pela Ultragaz. Foram cinco votos contra a opera\u00e7\u00e3o e dois a favor.<\/p>\n<p>&nbsp;<\/p>\n<h4 style=\"text-align: center;\">Elba<\/h4>\n<p>&nbsp;<\/p>\n<p style=\"text-align: center;\">Rebolativa e com tom de voz diferente, a cantora Elba Ramalho lan\u00e7ar\u00e1 em abril um \u00e1lbum das can\u00e7\u00f5es in\u00e9ditas, com raiz no estilo que marcou sua carreira: o forr\u00f3. Palmas para ela.<\/p>\n<p>&nbsp;<\/p>\n<p>&nbsp;<\/p>\n<p><img loading=\"lazy\" decoding=\"async\" class=\" size-full wp-image-93203\" src=\"http:\/\/diarioregionaljf.com.br\/wp-content\/uploads\/2018\/03\/diario-int-24777-1.jpg\" alt=\"fotoa.jpg\" style=\"display: block; margin-left: auto; margin-right: auto;\" width=\"680\" height=\"450\" srcset=\"https:\/\/diarioregionaldigital.com.br\/wp-content\/uploads\/2018\/03\/diario-int-24777-1.jpg 680w, https:\/\/diarioregionaldigital.com.br\/wp-content\/uploads\/2018\/03\/diario-int-24777-1-300x199.jpg 300w, https:\/\/diarioregionaldigital.com.br\/wp-content\/uploads\/2018\/03\/diario-int-24777-1-360x238.jpg 360w\" sizes=\"auto, (max-width: 680px) 100vw, 680px\" \/><\/p>\n<p class=\"MsoNormal\" style=\"text-align: center;\">Em Nova York, o bonito casal Silvia Cruz Pierce e Matt Pierce paparica as filhas Ana e Sarah.<\/p>\n<p>&nbsp;<\/p>\n<p style=\"text-align: center;\"><img loading=\"lazy\" decoding=\"async\" class=\" size-full wp-image-93204\" src=\"http:\/\/diarioregionaljf.com.br\/wp-content\/uploads\/2018\/03\/diario-int-24777-2.jpg\" alt=\"fotob.jpg\" width=\"680\" height=\"418\" srcset=\"https:\/\/diarioregionaldigital.com.br\/wp-content\/uploads\/2018\/03\/diario-int-24777-2.jpg 680w, https:\/\/diarioregionaldigital.com.br\/wp-content\/uploads\/2018\/03\/diario-int-24777-2-300x184.jpg 300w, https:\/\/diarioregionaldigital.com.br\/wp-content\/uploads\/2018\/03\/diario-int-24777-2-360x221.jpg 360w\" sizes=\"auto, (max-width: 680px) 100vw, 680px\" \/><\/p>\n<p style=\"text-align: center;\">Em tarde de beleza na RP-Minas, o coiffeur Rosenberg Frizeiro produziu os cabelos de Fl\u00e1via Assun\u00e7\u00e3o.&nbsp;<\/p>\n<p>p&nbsp;<\/p>\n<p style=\"text-align: center;\"><img loading=\"lazy\" decoding=\"async\" class=\" size-full wp-image-93205\" src=\"http:\/\/diarioregionaljf.com.br\/wp-content\/uploads\/2018\/03\/diario-int-24777-3.jpg\" alt=\"fotoc.jpg\" width=\"600\" height=\"450\" srcset=\"https:\/\/diarioregionaldigital.com.br\/wp-content\/uploads\/2018\/03\/diario-int-24777-3.jpg 600w, https:\/\/diarioregionaldigital.com.br\/wp-content\/uploads\/2018\/03\/diario-int-24777-3-300x225.jpg 300w, https:\/\/diarioregionaldigital.com.br\/wp-content\/uploads\/2018\/03\/diario-int-24777-3-360x270.jpg 360w\" sizes=\"auto, (max-width: 600px) 100vw, 600px\" \/><\/p>\n<p style=\"text-align: center;\">O jovem Yuri F\u00f3fano com todo direito recebe Mo\u00e7\u00e3o de Aplauso na C\u00e2mara Municipal do vereador Z\u00e9 M\u00e1rcio (Garotinho).<\/p>\n<p>&nbsp;<\/p>\n<p style=\"text-align: center;\"><img loading=\"lazy\" decoding=\"async\" class=\" size-full wp-image-93206\" src=\"http:\/\/diarioregionaljf.com.br\/wp-content\/uploads\/2018\/03\/diario-int-24777-4.jpg\" alt=\"fotod.jpg\" width=\"450\" height=\"450\" srcset=\"https:\/\/diarioregionaldigital.com.br\/wp-content\/uploads\/2018\/03\/diario-int-24777-4.jpg 450w, https:\/\/diarioregionaldigital.com.br\/wp-content\/uploads\/2018\/03\/diario-int-24777-4-150x150.jpg 150w, https:\/\/diarioregionaldigital.com.br\/wp-content\/uploads\/2018\/03\/diario-int-24777-4-300x300.jpg 300w, https:\/\/diarioregionaldigital.com.br\/wp-content\/uploads\/2018\/03\/diario-int-24777-4-180x180.jpg 180w, https:\/\/diarioregionaldigital.com.br\/wp-content\/uploads\/2018\/03\/diario-int-24777-4-120x120.jpg 120w, https:\/\/diarioregionaldigital.com.br\/wp-content\/uploads\/2018\/03\/diario-int-24777-4-360x360.jpg 360w, https:\/\/diarioregionaldigital.com.br\/wp-content\/uploads\/2018\/03\/diario-int-24777-4-80x80.jpg 80w\" sizes=\"auto, (max-width: 450px) 100vw, 450px\" \/><\/p>\n<p style=\"text-align: center;\">O charme de Rodrigo Franco.<\/p>\n<p>&nbsp;<\/p>\n<p style=\"text-align: center;\"><img loading=\"lazy\" decoding=\"async\" class=\" size-full wp-image-93207\" src=\"http:\/\/diarioregionaljf.com.br\/wp-content\/uploads\/2018\/03\/diario-int-24777-5.JPG\" alt=\"fotoe.JPG\" width=\"555\" height=\"450\" srcset=\"https:\/\/diarioregionaldigital.com.br\/wp-content\/uploads\/2018\/03\/diario-int-24777-5.JPG 555w, https:\/\/diarioregionaldigital.com.br\/wp-content\/uploads\/2018\/03\/diario-int-24777-5-300x243.jpg 300w, https:\/\/diarioregionaldigital.com.br\/wp-content\/uploads\/2018\/03\/diario-int-24777-5-360x292.jpg 360w\" sizes=\"auto, (max-width: 555px) 100vw, 555px\" \/><\/p>\n<p style=\"text-align: center;\">Na fervilhante noite do Pub\u2019s, Rafael Koch, Eduardo Gomes, Marcos Rocha e Arthur Magalh\u00e3es.<\/p>\n<p>&nbsp;<\/p>\n<p style=\"text-align: center;\">&nbsp;<\/p>\n<p style=\"text-align: center;\"><img loading=\"lazy\" decoding=\"async\" class=\" size-full wp-image-93208\" src=\"http:\/\/diarioregionaljf.com.br\/wp-content\/uploads\/2018\/03\/diario-int-24777-6.jpg\" alt=\"foto.jpg\" width=\"450\" height=\"450\" srcset=\"https:\/\/diarioregionaldigital.com.br\/wp-content\/uploads\/2018\/03\/diario-int-24777-6.jpg 450w, https:\/\/diarioregionaldigital.com.br\/wp-content\/uploads\/2018\/03\/diario-int-24777-6-150x150.jpg 150w, https:\/\/diarioregionaldigital.com.br\/wp-content\/uploads\/2018\/03\/diario-int-24777-6-300x300.jpg 300w, https:\/\/diarioregionaldigital.com.br\/wp-content\/uploads\/2018\/03\/diario-int-24777-6-180x180.jpg 180w, https:\/\/diarioregionaldigital.com.br\/wp-content\/uploads\/2018\/03\/diario-int-24777-6-120x120.jpg 120w, https:\/\/diarioregionaldigital.com.br\/wp-content\/uploads\/2018\/03\/diario-int-24777-6-360x360.jpg 360w, https:\/\/diarioregionaldigital.com.br\/wp-content\/uploads\/2018\/03\/diario-int-24777-6-80x80.jpg 80w\" sizes=\"auto, (max-width: 450px) 100vw, 450px\" \/><\/p>\n<p style=\"text-align: center;\">O jovem F\u00e1bio Ramos J\u00fanior, campe\u00e3o na&nbsp;categoria mirim, na 6\u00aa Festa do Cavalo no&nbsp;Rancho do Mino, em Matias Barbosa.<\/p>\n<p>&nbsp;<\/p>\n<p style=\"text-align: center;\"><img loading=\"lazy\" decoding=\"async\" class=\" size-full wp-image-93209\" src=\"http:\/\/diarioregionaljf.com.br\/wp-content\/uploads\/2018\/03\/diario-int-24777-7.jpg\" alt=\"fotog.jpg\" width=\"328\" height=\"450\" srcset=\"https:\/\/diarioregionaldigital.com.br\/wp-content\/uploads\/2018\/03\/diario-int-24777-7.jpg 328w, https:\/\/diarioregionaldigital.com.br\/wp-content\/uploads\/2018\/03\/diario-int-24777-7-219x300.jpg 219w\" sizes=\"auto, (max-width: 328px) 100vw, 328px\" \/><\/p>\n<p style=\"text-align: center;\">O modelo Matheus Cesar fazendo pit-stop na UFJF.<\/p>\n<p>&nbsp;<\/p>\n<p style=\"text-align: center;\"><img loading=\"lazy\" decoding=\"async\" class=\" size-full wp-image-93210\" src=\"http:\/\/diarioregionaljf.com.br\/wp-content\/uploads\/2018\/03\/diario-int-24777-8.jpg\" alt=\"fotoh.jpg\" width=\"675\" height=\"450\" srcset=\"https:\/\/diarioregionaldigital.com.br\/wp-content\/uploads\/2018\/03\/diario-int-24777-8.jpg 675w, https:\/\/diarioregionaldigital.com.br\/wp-content\/uploads\/2018\/03\/diario-int-24777-8-300x200.jpg 300w, https:\/\/diarioregionaldigital.com.br\/wp-content\/uploads\/2018\/03\/diario-int-24777-8-360x240.jpg 360w\" sizes=\"auto, (max-width: 675px) 100vw, 675px\" \/><\/p>\n<p style=\"text-align: center;\">Fazendo social no Barril, o \u2018chef\u2019 Marcelo Silva e Amanda Dominato.<\/p>\n<p>&nbsp;<\/p>\n<p style=\"text-align: center;\"><img loading=\"lazy\" decoding=\"async\" class=\" size-full wp-image-93211\" src=\"http:\/\/diarioregionaljf.com.br\/wp-content\/uploads\/2018\/03\/diario-int-24777-9.jpg\" alt=\"fotoicerta.jpg\" width=\"316\" height=\"450\" srcset=\"https:\/\/diarioregionaldigital.com.br\/wp-content\/uploads\/2018\/03\/diario-int-24777-9.jpg 316w, https:\/\/diarioregionaldigital.com.br\/wp-content\/uploads\/2018\/03\/diario-int-24777-9-211x300.jpg 211w\" sizes=\"auto, (max-width: 316px) 100vw, 316px\" \/><\/p>\n<p style=\"text-align: center;\">&nbsp;<\/p>\n<p style=\"text-align: center;\">Fotografado por Valdir J\u00fanior, o empres\u00e1rio Henrique Vidal em plena natureza Visual.<\/p>\n<p>&nbsp;<\/p>\n<p><img loading=\"lazy\" decoding=\"async\" class=\" size-full wp-image-93212\" src=\"http:\/\/diarioregionaljf.com.br\/wp-content\/uploads\/2018\/03\/diario-int-24777-10.jpg\" alt=\"fotoj.jpg\" style=\"display: block; margin-left: auto; margin-right: auto;\" width=\"600\" height=\"450\" srcset=\"https:\/\/diarioregionaldigital.com.br\/wp-content\/uploads\/2018\/03\/diario-int-24777-10.jpg 600w, https:\/\/diarioregionaldigital.com.br\/wp-content\/uploads\/2018\/03\/diario-int-24777-10-300x225.jpg 300w, https:\/\/diarioregionaldigital.com.br\/wp-content\/uploads\/2018\/03\/diario-int-24777-10-360x270.jpg 360w\" sizes=\"auto, (max-width: 600px) 100vw, 600px\" \/><\/p>\n<p style=\"text-align: center;\">Gente especial da Tecol Contabilidade, C\u00e9lio Faria de Paula, Daniel, M\u00e1rcia e D\u00e9bora Giotti de Paula.<\/p>\n<p>&nbsp;<\/p>\n<h4 style=\"text-align: center;\">FOTOSS\u00cdNTESE<\/h4>\n<p>&nbsp;<\/p>\n<p>\u2022 Para o dia 8 de mar\u00e7o, \u00e0s&nbsp;19h30, o Plen\u00e1rio da C\u00e2mara&nbsp;Municipal de Juiz de Fora estar\u00e1&nbsp;toda iluminada para a sess\u00e3o&nbsp;solene de outorga do T\u00edtulo&nbsp;de Cidad\u00e3o Honor\u00e1rio de&nbsp;Juiz de Fora para o deputado&nbsp;federal Rodrigo Ot\u00e1vio Soares&nbsp;Pacheco. O autor da lei \u00e9&nbsp;o vereador Dr. Ant\u00f4nio Aguiar.<\/p>\n<p>\u2022 Em franca efervesc\u00eancia o&nbsp;JF Imperadores confirmaram&nbsp;acerto com head coach Joe&nbsp;Daniels e atleta Jacob Tarr&nbsp;para as disputas do Campeonato&nbsp;Mineiro e BFA em 2018.&nbsp;<\/p>\n<p>\u2022 Digno de todos os elogios, o&nbsp;desembargador Geraldo Augusto&nbsp;de Almeida, que \u00e9 juiz-forano, assumiu ontem a presid\u00eancia&nbsp;do Tribunal de Justi\u00e7a&nbsp;de Minas Gerais, substituindo&nbsp;Herbert Carneiro, afastado&nbsp;por motivo de doen\u00e7a.<\/p>\n<p>\u2022 Causando impacto contagiante&nbsp;as aulas de zumba do&nbsp;professor Delmerson Fraz\u00e3o,&nbsp;da Academia Smart Fit.<\/p>\n<p>\u2022 Ser\u00e1 no anfiteatro do CES\/JF, a mesa redonda sobre febre&nbsp;amarela no dia 7 de mar\u00e7o.&nbsp;Foram convocados como&nbsp;debatedores, o m\u00e9dico Vicente&nbsp;Mascarenhas Sanches&nbsp;J\u00fanior, o bi\u00f3logo e professor&nbsp;da UFJF, F\u00e1bio Prezoto e as&nbsp;bi\u00f3logas Caroline Almeida&nbsp;do Vale e Michele Cristine&nbsp;Ribeiro de Freitas.<\/p>\n<p>\u2022 A Comiss\u00e3o de Defesa dos&nbsp;Direitos da Mulher da C\u00e2mara&nbsp;Municipal de Juiz de Fora&nbsp;est\u00e1 promovendo, durante a&nbsp;semana, uma promo\u00e7\u00e3o especial&nbsp;em comemora\u00e7\u00e3o ao&nbsp;Dia Internacional da Mulher.<\/p>\n<p>\u2022 A Festa Country que acontece nos dias 18 e 19 de&nbsp;maio, no Parque de Exposi\u00e7\u00f5es&nbsp;de Juiz de Fora confirmou&nbsp;as atra\u00e7\u00f5es: Matheus&nbsp;e Kauan, Mc Kevinho, Yuri&nbsp;Martins, Jorge e Mateus e o&nbsp;incr\u00edvel Alok. Vai bombar.&nbsp;<\/p>\n<p>\u2022 Olha s\u00f3: Abrasel e Sindicato dos Hot\u00e9is defendem que&nbsp;restri\u00e7\u00f5es impostas a bares&nbsp;infratores sejam estendidas&nbsp;a igrejas, sal\u00f5es de festas,&nbsp;supermercados, constru\u00e7\u00e3o&nbsp;civil e feiras. Para este colunista&nbsp;deveria ser tamb\u00e9m&nbsp;para a Demlurb e Pra\u00e7a Ant\u00f4nio&nbsp;Carlos com as gritarias&nbsp;pela noite. Ningu\u00e9m merece!<\/p>\n<p>\u2022 Para idealizar: \u201c\u00c9 na sua aus\u00eancia que eu descubro&nbsp;que eu sou t\u00e3o eu, t\u00e3o seu,&nbsp;t\u00e3o nosso nessa imensid\u00e3o&nbsp;de areia, eu me torno um deserto\u201d.&nbsp;(Talison Vardieiro jornalista&nbsp;e escritor). Bom dia!<\/p>\n<p class=\"MsoNormal\" style=\"text-align: center;\">&nbsp;<\/p>\n<p class=\"MsoNormal\">&nbsp;<\/p>\n","protected":false},"excerpt":{"rendered":"<p>T\u00e1 na hora &nbsp; Com dois meses de atraso, o programa Fica Vivo deve come\u00e7ar este m\u00eas em Juiz de Fora. O programa da Secretaria de Estado de Seguran\u00e7a P\u00fablica (Sesp) ainda n\u00e3o foi divulgado quanto a sua inicia\u00e7\u00e3o, mas a pasta afirmou que o pessoal contratado para atuar no projeto j\u00e1 est\u00e1 em treinamento. [&hellip;]<\/p>\n","protected":false},"author":96,"featured_media":93202,"comment_status":"closed","ping_status":"closed","sticky":false,"template":"","format":"standard","meta":{"footnotes":""},"categories":[264],"tags":[],"class_list":["post-93213","post","type-post","status-publish","format-standard","has-post-thumbnail","hentry","category-eduardo-gomes"],"_links":{"self":[{"href":"https:\/\/diarioregionaldigital.com.br\/index.php?rest_route=\/wp\/v2\/posts\/93213","targetHints":{"allow":["GET"]}}],"collection":[{"href":"https:\/\/diarioregionaldigital.com.br\/index.php?rest_route=\/wp\/v2\/posts"}],"about":[{"href":"https:\/\/diarioregionaldigital.com.br\/index.php?rest_route=\/wp\/v2\/types\/post"}],"author":[{"embeddable":true,"href":"https:\/\/diarioregionaldigital.com.br\/index.php?rest_route=\/wp\/v2\/users\/96"}],"replies":[{"embeddable":true,"href":"https:\/\/diarioregionaldigital.com.br\/index.php?rest_route=%2Fwp%2Fv2%2Fcomments&post=93213"}],"version-history":[{"count":0,"href":"https:\/\/diarioregionaldigital.com.br\/index.php?rest_route=\/wp\/v2\/posts\/93213\/revisions"}],"wp:featuredmedia":[{"embeddable":true,"href":"https:\/\/diarioregionaldigital.com.br\/index.php?rest_route=\/wp\/v2\/media\/93202"}],"wp:attachment":[{"href":"https:\/\/diarioregionaldigital.com.br\/index.php?rest_route=%2Fwp%2Fv2%2Fmedia&parent=93213"}],"wp:term":[{"taxonomy":"category","embeddable":true,"href":"https:\/\/diarioregionaldigital.com.br\/index.php?rest_route=%2Fwp%2Fv2%2Fcategories&post=93213"},{"taxonomy":"post_tag","embeddable":true,"href":"https:\/\/diarioregionaldigital.com.br\/index.php?rest_route=%2Fwp%2Fv2%2Ftags&post=93213"}],"curies":[{"name":"wp","href":"https:\/\/api.w.org\/{rel}","templated":true}]}}