{"id":93201,"date":"2018-03-05T22:24:16","date_gmt":"2018-03-06T01:24:16","guid":{"rendered":"http:\/\/diarioregionaljf.com.br\/2018\/03\/05\/numero-de-assinantes-de-tv-paga-recua-3-9-nos-ultimos-12-meses\/"},"modified":"2018-03-05T22:24:16","modified_gmt":"2018-03-06T01:24:16","slug":"numero-de-assinantes-de-tv-paga-recua-3-9-nos-ultimos-12-meses","status":"publish","type":"post","link":"https:\/\/diarioregionaldigital.com.br\/?p=93201","title":{"rendered":"N\u00famero de assinantes de TV paga recua 3,9% nos \u00faltimos 12 meses"},"content":{"rendered":"<p>N\u00fameros divulgados hoje, 5, pela Ag\u00eancia Nacional de Telecomunica\u00e7\u00f5es (Anatel) mostram que a quantidade de consumidores do servi\u00e7o de TV por assinatura no Brasil recuou 3,9% nos \u00faltimos 12 meses. Nesse per\u00edodo, as empresas perderam 729.017 assinantes, fechando janeiro de 2018 com 17.972.539 de contratos registrados.<\/p>\n<p>Nos \u00faltimos 12 meses, a Claro aparece na frente entre as empresas com maior queda no n\u00famero de assinantes: 8,41%, fechando janeiro com menos 829.397 contratos . Em segundo lugar aparece a Vivo com queda de 112.257 contratos e redu\u00e7\u00e3o de 6,64%. Na terceira posi\u00e7\u00e3o est\u00e1 a prestadora Nossa TV, que apresentou redu\u00e7\u00e3o 2,34%, com menos 2.996 contratos.<\/p>\n<p>Durante esse per\u00edodo, em n\u00fameros absolutos, o estado de S\u00e3o Paulo foi o que mais perdeu assinantes. Foram menos 400.675 contratos, recuo de 5,58%. Em seguida vem o Rio de Janeiro, com uma redu\u00e7\u00e3o de 3,65% e menos 92.898 assinantes do servi\u00e7o. A Bahia vem em terceiro, com menos 32.157 contratos, queda de 5,32%.<\/p>\n<p>Em termos percentuais, a Para\u00edba foi o estado que mais perdeu assinantes nos \u00faltimos 12 meses, com uma queda de 9,62% e menos 13.652 contratos. Depois vem o Amap\u00e1, com redu\u00e7\u00e3o de 9,4% e menos 2.181 contratos, logo em seguida vem Sergipe, onde a redu\u00e7\u00e3o de 8.638 assinantes representou uma queda 9,12% nos contratos.<\/p>\n<h4>Comparativo mensal<\/h4>\n<p>Ainda de acordo com a ag\u00eancia, o servi\u00e7o de TV por assinatura permaneceu praticamente est\u00e1vel na compara\u00e7\u00e3o entre dezembro do ano passado e janeiro de 2018, apresentando uma redu\u00e7\u00e3o de 0,16%, com menos 29.647 assinantes.<\/p>\n<p>Na compara\u00e7\u00e3o entre dezembro de 2017 e janeiro de 2018, os dados mostram que a Claro tamb\u00e9m \u00e9 a empresa com a maior redu\u00e7\u00e3o na quantidade de assinantes, em n\u00fameros absolutos, com uma queda de 38.348 contratos, redu\u00e7\u00e3o de 0,42%. Em seguida aparece a Oi, com queda de 0,65% e redu\u00e7\u00e3o de 9.862 contratos. Em terceiro ficou a Vivo, que teve redu\u00e7\u00e3o de 3.084 contratos, queda de 0,19%.<\/p>\n<p>Em termos absolutos, considerando o mesmo per\u00edodo, Santa Catarina aparece na frente, com 7.727 contratos cancelados, recuo de 1,12%. Em seguida vem o Rio de Janeiro com uma queda de 0,27% e menos 6.701 assinantes. Minas Gerais fecha a terceira posi\u00e7\u00e3o com redu\u00e7\u00e3o de 0,4% e menos 6.337 contratos.<\/p>\n<p>Em termos percentuais, as maiores redu\u00e7\u00f5es foram registradas em Pernambuco, onde a queda foi de 1,41%, com menos 3.826 contratos; Santa Catarina, com redu\u00e7\u00e3o de 1,12% na base de assinantes e menos 7.727 contratos, e o Cear\u00e1, onde a retra\u00e7\u00e3o foi de 1,08%, registrando 4.253 contratos a menos.<\/p>\n<hr \/>\n<p>&nbsp;Fonte: Ag\u00eancia Brasil<\/p>\n","protected":false},"excerpt":{"rendered":"<p>N\u00fameros divulgados hoje, 5, pela Ag\u00eancia Nacional de Telecomunica\u00e7\u00f5es (Anatel) mostram que a quantidade de consumidores do servi\u00e7o de TV por assinatura no Brasil recuou 3,9% nos \u00faltimos 12 meses. Nesse per\u00edodo, as empresas perderam 729.017 assinantes, fechando janeiro de 2018 com 17.972.539 de contratos registrados. Nos \u00faltimos 12 meses, a Claro aparece na frente [&hellip;]<\/p>\n","protected":false},"author":96,"featured_media":93200,"comment_status":"closed","ping_status":"closed","sticky":false,"template":"","format":"standard","meta":{"footnotes":""},"categories":[261],"tags":[],"class_list":["post-93201","post","type-post","status-publish","format-standard","has-post-thumbnail","hentry","category-economia"],"_links":{"self":[{"href":"https:\/\/diarioregionaldigital.com.br\/index.php?rest_route=\/wp\/v2\/posts\/93201","targetHints":{"allow":["GET"]}}],"collection":[{"href":"https:\/\/diarioregionaldigital.com.br\/index.php?rest_route=\/wp\/v2\/posts"}],"about":[{"href":"https:\/\/diarioregionaldigital.com.br\/index.php?rest_route=\/wp\/v2\/types\/post"}],"author":[{"embeddable":true,"href":"https:\/\/diarioregionaldigital.com.br\/index.php?rest_route=\/wp\/v2\/users\/96"}],"replies":[{"embeddable":true,"href":"https:\/\/diarioregionaldigital.com.br\/index.php?rest_route=%2Fwp%2Fv2%2Fcomments&post=93201"}],"version-history":[{"count":0,"href":"https:\/\/diarioregionaldigital.com.br\/index.php?rest_route=\/wp\/v2\/posts\/93201\/revisions"}],"wp:featuredmedia":[{"embeddable":true,"href":"https:\/\/diarioregionaldigital.com.br\/index.php?rest_route=\/wp\/v2\/media\/93200"}],"wp:attachment":[{"href":"https:\/\/diarioregionaldigital.com.br\/index.php?rest_route=%2Fwp%2Fv2%2Fmedia&parent=93201"}],"wp:term":[{"taxonomy":"category","embeddable":true,"href":"https:\/\/diarioregionaldigital.com.br\/index.php?rest_route=%2Fwp%2Fv2%2Fcategories&post=93201"},{"taxonomy":"post_tag","embeddable":true,"href":"https:\/\/diarioregionaldigital.com.br\/index.php?rest_route=%2Fwp%2Fv2%2Ftags&post=93201"}],"curies":[{"name":"wp","href":"https:\/\/api.w.org\/{rel}","templated":true}]}}