{"id":93199,"date":"2018-03-05T22:22:44","date_gmt":"2018-03-06T01:22:44","guid":{"rendered":"http:\/\/diarioregionaljf.com.br\/2018\/03\/05\/brasil-gasta-mais-com-seguranca-publica-do-que-com-pesquisa\/"},"modified":"2018-03-05T22:22:44","modified_gmt":"2018-03-06T01:22:44","slug":"brasil-gasta-mais-com-seguranca-publica-do-que-com-pesquisa","status":"publish","type":"post","link":"https:\/\/diarioregionaldigital.com.br\/?p=93199","title":{"rendered":"Brasil gasta mais com seguran\u00e7a p\u00fablica do que com pesquisa"},"content":{"rendered":"<p>Ind\u00fastria gasta mais em seguran\u00e7a do que com pequisa e desenvolvimento, de acordo com a Confedera\u00e7\u00e3o Nacional da Ind\u00fastria (CNI). Segundo a confedera\u00e7\u00e3o, no ano passado, foram gastos cerca de R$30 bilh\u00f5es com seguran\u00e7a, enquanto, com pesquisa, foram gastos R$12,5 bilh\u00f5es, de acordo com os \u00faltimos dados dispon\u00edveis, do Instituto Brasileiro de Geografia e Estat\u00edstica (IBGE), de 2015.<\/p>\n<p>&#8220;\u00c9 uma despesa que est\u00e1 fora do lugar&#8221;, diz o diretor de Pol\u00edticas e Estrat\u00e9gia da CNI, Jos\u00e9 Augusto Fernandes. &#8220;As empresas est\u00e3o tendo perdas com seguran\u00e7a p\u00fablica no Brasil, com perda de mercadorias, com a necessidade de gastar mais com seguran\u00e7a. O conjunto das despesas faz com que a CNI estime que se gasta mais em seguran\u00e7a p\u00fablica que em pesquisa e desenvolvimento&#8221;, acrescenta.<\/p>\n<p>De acordo com a CNI, em 2017, a ind\u00fastria de transforma\u00e7\u00e3o teve que gastar R$ 30 bilh\u00f5es devido \u00e0 roubos, furtos, vandalismos, al\u00e9m de gastos com seguro e seguran\u00e7a privada. Com pesquisa e desenvolvimento, todos os ramos da ind\u00fastria, inclu\u00eddas tamb\u00e9m a ind\u00fastria extrativa e da constru\u00e7\u00e3o civil, gastaram R$ 12,5 bilh\u00f5es, em 2015, segundo o IBGE.<\/p>\n<p>Hoje (5), a CNI divulgou o Mapa Estrat\u00e9gico da Ind\u00fastria 2018\u20132022, que traz uma agenda para o pr\u00f3ximo governo, que ser\u00e1 eleito em outubro. O documento listou 11 fatores-chave para aumentar a competitividade e promover o crescimento sustentado da economia nos pr\u00f3ximos quatro anos, elaborado com base em sugest\u00f5es de empres\u00e1rios. A seguran\u00e7a p\u00fablica \u00e9 um desses fatores.<\/p>\n<p>De acordo com a pesquisa, para 12% dos empres\u00e1rios, a seguran\u00e7a p\u00fablica afeta muito na hora de investir e escolher a localiza\u00e7\u00e3o da empresa. Outros 23% disseram que afeta moderadamente a decis\u00e3o de investimento, em termos da localiza\u00e7\u00e3o. Para 33% afeta pouco; para 25% n\u00e3o afeta. Outros 7% n\u00e3o responderam. Para a CNI, o resultado mostra que localiza\u00e7\u00f5es mais eficientes, perto da fonte das mat\u00e9rias-primas ou do consumidor, s\u00e3o desconsideradas devido \u00e0 inseguran\u00e7a, o que aumenta o custo de produ\u00e7\u00e3o.<\/p>\n<p>A CNI diz que a baixa qualidade da seguran\u00e7a p\u00fablica faz com que as pessoas paguem duas vezes, primeiro em impostos e depois em seguran\u00e7a privada. Um impacto indireto \u00e9 a redu\u00e7\u00e3o da produtividade dos trabalhadores. &#8220;A ansiedade em rela\u00e7\u00e3o \u00e0 pr\u00f3pria seguran\u00e7a e \u00e0 de sua fam\u00edlia prejudica o aprendizado e a concentra\u00e7\u00e3o dos trabalhadores, al\u00e9m de gerar atrasos e at\u00e9 mesmo aus\u00eancias do trabalho&#8221;, diz o estudo.<\/p>\n<p>A interven\u00e7\u00e3o federal no Rio de Janeiro colocou em evid\u00eancia a seguran\u00e7a p\u00fablica no pa\u00eds e o debate sobre a necessidade ou n\u00e3o de maior presen\u00e7a do governo federal nos demais entes federativos. Para a CNI, a melhoria da seguran\u00e7a p\u00fablica &#8220;deve resultar em maior qualidade de vida e um ambiente mais favor\u00e1vel \u00e0 atividade econ\u00f4mica&#8221;, diz o relat\u00f3rio.<\/p>\n<p>A confedera\u00e7\u00e3o recomenda ao novo governo o est\u00edmulo a cria\u00e7\u00e3o de um plano nacional de seguran\u00e7a p\u00fablica; est\u00edmulo \u00e0 cria\u00e7\u00e3o de sistema nacional de informa\u00e7\u00f5es de seguran\u00e7a, com dados padronizados e dispon\u00edveis \u00e0 sociedade; e, promo\u00e7\u00e3o do combate \u00e0 pirataria e \u00e0 venda de produtos roubados.<\/p>\n<hr \/>\n<p>&nbsp;Fonte: Ag\u00eancia Brasil<\/p>\n","protected":false},"excerpt":{"rendered":"<p>Ind\u00fastria gasta mais em seguran\u00e7a do que com pequisa e desenvolvimento, de acordo com a Confedera\u00e7\u00e3o Nacional da Ind\u00fastria (CNI). Segundo a confedera\u00e7\u00e3o, no ano passado, foram gastos cerca de R$30 bilh\u00f5es com seguran\u00e7a, enquanto, com pesquisa, foram gastos R$12,5 bilh\u00f5es, de acordo com os \u00faltimos dados dispon\u00edveis, do Instituto Brasileiro de Geografia e Estat\u00edstica [&hellip;]<\/p>\n","protected":false},"author":96,"featured_media":93198,"comment_status":"closed","ping_status":"closed","sticky":false,"template":"","format":"standard","meta":{"footnotes":""},"categories":[261],"tags":[],"class_list":["post-93199","post","type-post","status-publish","format-standard","has-post-thumbnail","hentry","category-economia"],"_links":{"self":[{"href":"https:\/\/diarioregionaldigital.com.br\/index.php?rest_route=\/wp\/v2\/posts\/93199","targetHints":{"allow":["GET"]}}],"collection":[{"href":"https:\/\/diarioregionaldigital.com.br\/index.php?rest_route=\/wp\/v2\/posts"}],"about":[{"href":"https:\/\/diarioregionaldigital.com.br\/index.php?rest_route=\/wp\/v2\/types\/post"}],"author":[{"embeddable":true,"href":"https:\/\/diarioregionaldigital.com.br\/index.php?rest_route=\/wp\/v2\/users\/96"}],"replies":[{"embeddable":true,"href":"https:\/\/diarioregionaldigital.com.br\/index.php?rest_route=%2Fwp%2Fv2%2Fcomments&post=93199"}],"version-history":[{"count":0,"href":"https:\/\/diarioregionaldigital.com.br\/index.php?rest_route=\/wp\/v2\/posts\/93199\/revisions"}],"wp:featuredmedia":[{"embeddable":true,"href":"https:\/\/diarioregionaldigital.com.br\/index.php?rest_route=\/wp\/v2\/media\/93198"}],"wp:attachment":[{"href":"https:\/\/diarioregionaldigital.com.br\/index.php?rest_route=%2Fwp%2Fv2%2Fmedia&parent=93199"}],"wp:term":[{"taxonomy":"category","embeddable":true,"href":"https:\/\/diarioregionaldigital.com.br\/index.php?rest_route=%2Fwp%2Fv2%2Fcategories&post=93199"},{"taxonomy":"post_tag","embeddable":true,"href":"https:\/\/diarioregionaldigital.com.br\/index.php?rest_route=%2Fwp%2Fv2%2Ftags&post=93199"}],"curies":[{"name":"wp","href":"https:\/\/api.w.org\/{rel}","templated":true}]}}