{"id":93197,"date":"2018-03-05T22:19:25","date_gmt":"2018-03-06T01:19:25","guid":{"rendered":"http:\/\/diarioregionaljf.com.br\/2018\/03\/05\/mercado-financeiro-reduz-estimativa-da-inflacao-de-3-73-para-3-70\/"},"modified":"2018-03-05T22:19:25","modified_gmt":"2018-03-06T01:19:25","slug":"mercado-financeiro-reduz-estimativa-da-inflacao-de-3-73-para-3-70","status":"publish","type":"post","link":"https:\/\/diarioregionaldigital.com.br\/?p=93197","title":{"rendered":"Mercado financeiro reduz estimativa da infla\u00e7\u00e3o de 3,73% para 3,70%"},"content":{"rendered":"<p>O mercado financeiro reduziu pela quinta semana seguida a estimativa para a infla\u00e7\u00e3o este ano. A expectativa de bancos e outras institui\u00e7\u00f5es para o \u00cdndice Nacional de Pre\u00e7os ao Consumidor Amplo (IPCA) passou de 3,73% para 3,70%, de acordo com o boletim Focus, publica\u00e7\u00e3o semanal do Banco Central (BC) sobre os principais indicadores econ\u00f4micos.<\/p>\n<p>A proje\u00e7\u00e3o segue abaixo do centro da meta de 4,5%, mas acima do limite inferior de 3%. Para 2019, a estimativa para a infla\u00e7\u00e3o foi levemente reduzida do centro da meta (4,25%) para 4,24%.<\/p>\n<p>Para alcan\u00e7ar a meta, o banco usa como principal instrumento a taxa b\u00e1sica de juros, a Selic, atualmente em 6,75% ao ano. Quando o Copom aumenta a Selic, a meta \u00e9 conter a demanda aquecida, e isso gera reflexos nos pre\u00e7os, porque os juros mais altos encarecem o cr\u00e9dito e estimulam a poupan\u00e7a.<\/p>\n<p>Quando o Copom diminui os juros b\u00e1sicos, a tend\u00eancia \u00e9 que o cr\u00e9dito fique mais barato, com incentivo \u00e0 produ\u00e7\u00e3o e ao consumo, reduzindo o controle sobre a infla\u00e7\u00e3o.&nbsp;De acordo com a previs\u00e3o das institui\u00e7\u00f5es financeiras, a Selic encerrar\u00e1 2018 no atual patamar e subir\u00e1 ao longo de 2019, encerrando o per\u00edodo em 8% ao ano.<\/p>\n<p>A estimativa para o crescimento do Produto Interno Bruto (PIB), a soma de todos os bens e servi\u00e7os produzidos no pa\u00eds, subiu pela terceira vez seguida, ao passar de 2,89% para 2,90%. Para 2019, a proje\u00e7\u00e3o \u00e9 mantida em 3% h\u00e1 cinco semanas consecutivas.<\/p>\n<hr \/>\n<p>&nbsp;Fonte: Ag\u00eancia Brasil<\/p>\n","protected":false},"excerpt":{"rendered":"<p>O mercado financeiro reduziu pela quinta semana seguida a estimativa para a infla\u00e7\u00e3o este ano. A expectativa de bancos e outras institui\u00e7\u00f5es para o \u00cdndice Nacional de Pre\u00e7os ao Consumidor Amplo (IPCA) passou de 3,73% para 3,70%, de acordo com o boletim Focus, publica\u00e7\u00e3o semanal do Banco Central (BC) sobre os principais indicadores econ\u00f4micos. A [&hellip;]<\/p>\n","protected":false},"author":96,"featured_media":93196,"comment_status":"closed","ping_status":"closed","sticky":false,"template":"","format":"standard","meta":{"footnotes":""},"categories":[261],"tags":[],"class_list":["post-93197","post","type-post","status-publish","format-standard","has-post-thumbnail","hentry","category-economia"],"_links":{"self":[{"href":"https:\/\/diarioregionaldigital.com.br\/index.php?rest_route=\/wp\/v2\/posts\/93197","targetHints":{"allow":["GET"]}}],"collection":[{"href":"https:\/\/diarioregionaldigital.com.br\/index.php?rest_route=\/wp\/v2\/posts"}],"about":[{"href":"https:\/\/diarioregionaldigital.com.br\/index.php?rest_route=\/wp\/v2\/types\/post"}],"author":[{"embeddable":true,"href":"https:\/\/diarioregionaldigital.com.br\/index.php?rest_route=\/wp\/v2\/users\/96"}],"replies":[{"embeddable":true,"href":"https:\/\/diarioregionaldigital.com.br\/index.php?rest_route=%2Fwp%2Fv2%2Fcomments&post=93197"}],"version-history":[{"count":0,"href":"https:\/\/diarioregionaldigital.com.br\/index.php?rest_route=\/wp\/v2\/posts\/93197\/revisions"}],"wp:featuredmedia":[{"embeddable":true,"href":"https:\/\/diarioregionaldigital.com.br\/index.php?rest_route=\/wp\/v2\/media\/93196"}],"wp:attachment":[{"href":"https:\/\/diarioregionaldigital.com.br\/index.php?rest_route=%2Fwp%2Fv2%2Fmedia&parent=93197"}],"wp:term":[{"taxonomy":"category","embeddable":true,"href":"https:\/\/diarioregionaldigital.com.br\/index.php?rest_route=%2Fwp%2Fv2%2Fcategories&post=93197"},{"taxonomy":"post_tag","embeddable":true,"href":"https:\/\/diarioregionaldigital.com.br\/index.php?rest_route=%2Fwp%2Fv2%2Ftags&post=93197"}],"curies":[{"name":"wp","href":"https:\/\/api.w.org\/{rel}","templated":true}]}}