{"id":93191,"date":"2018-03-05T21:43:52","date_gmt":"2018-03-06T00:43:52","guid":{"rendered":"http:\/\/diarioregionaljf.com.br\/2018\/03\/05\/governo-anuncia-reforma-do-palacete-santa-mafalda\/"},"modified":"2018-03-05T21:43:52","modified_gmt":"2018-03-06T00:43:52","slug":"governo-anuncia-reforma-do-palacete-santa-mafalda","status":"publish","type":"post","link":"https:\/\/diarioregionaldigital.com.br\/?p=93191","title":{"rendered":"Governo anuncia reforma do Palacete Santa Mafalda"},"content":{"rendered":"<p>A reforma do Palacete Santa Mafalda deve acontecer em breve. A informa\u00e7\u00e3o, segundo o vereador Marlon Siqueira (PMDB), foi divulgada pelo governador Fernando Pimentel (PT) na \u00faltima sexta-feira, 2. A reportagem entrou em contato com a assessoria da Secretaria de Estado de Educa\u00e7\u00e3o (SEE), que confirmou, em nota, que foi autorizada pelo parlamentar do PT a elaborar o edital para iniciar as obras.<\/p>\n<p>O pr\u00e9dio est\u00e1 fechado desde o segundo semestre de 2013, por conta da realiza\u00e7\u00e3o de obras de restaura\u00e7\u00e3o. O local, tombado como patrim\u00f4nio hist\u00f3rico municipal, era sede da Escola Estadual Delfim Moreira. Desde ent\u00e3o, os cerca de 1500 alunos abrigados pelo col\u00e9gio estudam em um pr\u00e9dio alugado na Rua Santo Ant\u00f4nio, em que os custos do aluguel s\u00e3o de cerca de R$40 mil mensais.<\/p>\n<p>Em agosto do ano passado, uma audi\u00eancia p\u00fablica foi realizada na C\u00e2mara Municipal para tratar o assunto. O encontro envolveu alunos, professores e autoridades, sendo considerado o ponto de partida para mobilizar a sociedade. \u00c0 \u00e9poca, a SEE afirmou que o projeto arquitet\u00f4nico para a reforma do pr\u00e9dio, or\u00e7ado em mais de R$260 mil, se encontrava em fase final de conclus\u00e3o e que a licita\u00e7\u00e3o sairia ainda no fim de 2017. Apesar da informa\u00e7\u00e3o, Marlon Siqueira explicou que ainda n\u00e3o existe um projeto definido. \u201cEstima-se que a obra fique em mais de R$2 milh\u00f5es. At\u00e9 a audi\u00eancia, precisava-se de um projeto para apresentar. Mas, at\u00e9 o momento, n\u00e3o est\u00e1 pronto. O governador emitiu um of\u00edcio para a Secretaria solicitando agilidade no processo\u201d, diz.<\/p>\n<p>De acordo com Siqueira, uma reuni\u00e3o est\u00e1 em pauta com a diretora da Superintend\u00eancia Regional de Ensino (SRE) em Juiz de Fora, Fernanda Moura, para dar andamento no projeto. \u201cSabemos das dificuldades financeiras enfrentadas pelo governo, mas esta \u00e9 uma demanda antiga, que envolve todas as partes da popula\u00e7\u00e3o. Com o projeto sendo executado na \u00edntegra, esperamos que a escola volte a funcionar l\u00e1\u201d, refor\u00e7a.<\/p>\n<p>Ainda por meio de nota, a SEE informa que \u201cDepartamento de Edifica\u00e7\u00f5es e Estradas de Rodagem de Minas Gerais (DEER-MG) trabalha na or\u00e7amenta\u00e7\u00e3o do projeto para elabora\u00e7\u00e3o desse edital, a ser publicado at\u00e9 o final de abril de 2018. Ap\u00f3s essa etapa ser\u00e1 poss\u00edvel prever o custo total e o cronograma da obra, assim como especificar quais as interven\u00e7\u00f5es ser\u00e3o feitas\u201d.<\/p>\n","protected":false},"excerpt":{"rendered":"<p>A reforma do Palacete Santa Mafalda deve acontecer em breve. A informa\u00e7\u00e3o, segundo o vereador Marlon Siqueira (PMDB), foi divulgada pelo governador Fernando Pimentel (PT) na \u00faltima sexta-feira, 2. A reportagem entrou em contato com a assessoria da Secretaria de Estado de Educa\u00e7\u00e3o (SEE), que confirmou, em nota, que foi autorizada pelo parlamentar do PT [&hellip;]<\/p>\n","protected":false},"author":96,"featured_media":0,"comment_status":"closed","ping_status":"closed","sticky":false,"template":"","format":"standard","meta":{"footnotes":""},"categories":[253],"tags":[],"class_list":["post-93191","post","type-post","status-publish","format-standard","hentry","category-cidade"],"_links":{"self":[{"href":"https:\/\/diarioregionaldigital.com.br\/index.php?rest_route=\/wp\/v2\/posts\/93191","targetHints":{"allow":["GET"]}}],"collection":[{"href":"https:\/\/diarioregionaldigital.com.br\/index.php?rest_route=\/wp\/v2\/posts"}],"about":[{"href":"https:\/\/diarioregionaldigital.com.br\/index.php?rest_route=\/wp\/v2\/types\/post"}],"author":[{"embeddable":true,"href":"https:\/\/diarioregionaldigital.com.br\/index.php?rest_route=\/wp\/v2\/users\/96"}],"replies":[{"embeddable":true,"href":"https:\/\/diarioregionaldigital.com.br\/index.php?rest_route=%2Fwp%2Fv2%2Fcomments&post=93191"}],"version-history":[{"count":0,"href":"https:\/\/diarioregionaldigital.com.br\/index.php?rest_route=\/wp\/v2\/posts\/93191\/revisions"}],"wp:attachment":[{"href":"https:\/\/diarioregionaldigital.com.br\/index.php?rest_route=%2Fwp%2Fv2%2Fmedia&parent=93191"}],"wp:term":[{"taxonomy":"category","embeddable":true,"href":"https:\/\/diarioregionaldigital.com.br\/index.php?rest_route=%2Fwp%2Fv2%2Fcategories&post=93191"},{"taxonomy":"post_tag","embeddable":true,"href":"https:\/\/diarioregionaldigital.com.br\/index.php?rest_route=%2Fwp%2Fv2%2Ftags&post=93191"}],"curies":[{"name":"wp","href":"https:\/\/api.w.org\/{rel}","templated":true}]}}