{"id":93190,"date":"2018-03-05T20:45:06","date_gmt":"2018-03-05T23:45:06","guid":{"rendered":"http:\/\/diarioregionaljf.com.br\/2018\/03\/05\/gravidez-na-adolescencia-reduz-em-juiz-de-fora\/"},"modified":"2018-03-05T20:45:06","modified_gmt":"2018-03-05T23:45:06","slug":"gravidez-na-adolescencia-reduz-em-juiz-de-fora","status":"publish","type":"post","link":"https:\/\/diarioregionaldigital.com.br\/?p=93190","title":{"rendered":"N\u00famero de adolescentes gr\u00e1vidas cai em Juiz de Fora"},"content":{"rendered":"<p>O n\u00famero de casos de gravidez na adolesc\u00eancia caiu 35% nos \u00faltimos anos, segundo o Minist\u00e9rio da Sa\u00fade. Em 2004, mais de 750 mil bebes nasceram de m\u00e3es na faixa et\u00e1ria de 10 a 19 anos, enquanto que, em 2015, esse n\u00famero reduziu para pouco mais de 489 mil. Evidentemente que o resultado a n\u00edvel nacional refletiu no cen\u00e1rio de Juiz de Fora. De acordo com dados da Secretaria de Sa\u00fade (SS), 460 mulheres, com 18 anos ou menos, se tornaram m\u00e3es em 2012. Em 2016, foram 398 registros.<\/p>\n<p>Para a Coordenadora do Servi\u00e7o de Aten\u00e7\u00e3o \u00e0 Sa\u00fade do Adolescente (Sasad) da SS, Eriane Pimenta, a diminui\u00e7\u00e3o est\u00e1 relacionada a v\u00e1rios fatores, entre eles, a procura por uma orienta\u00e7\u00e3o m\u00e9dica de mais qualidade. \u201cAs mulheres est\u00e3o buscando mais atendimento. Elas perceberam que podem ter uma vida sexual ativa e evitar a gravidez. Isso tem se intensificado ao longo dos anos, aliado ao acesso aos m\u00e9todos contraceptivos, que ficou mais f\u00e1cil\u201d, explica.<\/p>\n<p>Apesar de o Minist\u00e9rio da Sa\u00fade afirmar que 66% das gravidezes em adolescentes s\u00e3o indesejadas, Eriane refor\u00e7a que um desejo subentendido est\u00e1 por tr\u00e1s do que acontece nessa fase da vida. \u201cA gravidez n\u00e3o \u00e9 indesejada. Nessa faixa et\u00e1ria, existe uma vontade de amar que ocasiona a gravidez\u201d, diz.<\/p>\n<p>Eriane acrescenta que a falta de planejamento pode trazer sequelas, visto que, na maioria das vezes, o corpo da adolescente n\u00e3o est\u00e1 preparado para a gesta\u00e7\u00e3o. \u201cExistem dois aspectos: psicol\u00f3gico e emocional. N\u00e3o \u00e9 o melhor momento para engravidar, o corpo ainda est\u00e1 se formando, assim como os horm\u00f4nios. \u00c9 uma fase de desenvolvimento. A mulher pode at\u00e9 conceber uma gravidez de forma plena e sadia, se for uma pessoa saud\u00e1vel e tiver, por exemplo, acima dos 16 anos. Vimos muitos casos de adolescentes que tiveram partos tranquilos por estarem nessas condi\u00e7\u00f5es. Mas tamb\u00e9m nos deparamos com casos em que, cada vez mais, as jovens t\u00eam danos emocionais, uma vez que elas n\u00e3o est\u00e3o preparadas para absorver a passagem de filha para ser m\u00e3e\u201d, lembra.<\/p>\n<p>Neste caso, o apoio da fam\u00edlia \u00e9 fundamental para que a gravidez seja conduzida da melhor maneira. \u201cQuando a m\u00e3e n\u00e3o encontra esse afeto, ela costuma procurar essa sensa\u00e7\u00e3o com os familiares do namorado, mas nem sempre d\u00e1 certo. A fam\u00edlia deve mostrar para a filha que ela tem um lugar especial e que continuar\u00e1 sendo amada. A gesta\u00e7\u00e3o precoce \u00e9 muito dif\u00edcil de ser absorvida. A mulher costuma n\u00e3o se sentir desejada no \u00e2mbito familiar e o sofrimento \u00e9 ainda maior\u201d, afirma Eriane.<\/p>\n<p>&nbsp;<\/p>\n<h4>APOIAR N\u00c3O SIGNIFICA ASSUMIR RESPONSABILIDADE<\/h4>\n<p>&nbsp;<\/p>\n<p>\u201cA gravidez planejada j\u00e1 causa impactos na vida de uma fam\u00edlia estabilizada, imagina quando ela ocorre de maneira precoce. Os desafios s\u00e3o imensos. Na maioria das vezes, trata-se de uma crian\u00e7a que vai cuidar de outra, e dependendo da classe social, o estilo de vida da jovem vai mudar de forma ainda mais brusca\u201d, disse a psic\u00f3loga Elisangela Pereira.<\/p>\n<p>Segundo ela, essa \u00e9 uma realidade que a fam\u00edlia deve tratar da melhor maneira poss\u00edvel, mas n\u00e3o significa retirar as responsabilidades da jovem. \u201cCada vez mais temos visto situa\u00e7\u00e3o em que os av\u00f3s assumem completamente a cria\u00e7\u00e3o desse neto, desonerando a jovem da participa\u00e7\u00e3o no processo de educa\u00e7\u00e3o da crian\u00e7a. Isso acaba refor\u00e7ando uma segunda gravidez indesejada. \u00c9 muito comum, pois como a jovem n\u00e3o teve \u00f4nus, n\u00e3o sentiu as mudan\u00e7as em sua vida, ela pode continuar agindo de maneira irrespons\u00e1vel, impens\u00e1vel, sem se preocupar que pode ocorrer novamente\u201d, explica. \u201cEssa rela\u00e7\u00e3o, futuramente, pode ser muito mais dif\u00edcil se n\u00e3o for trabalhada. Pode gerar sentimento de rejei\u00e7\u00e3o e at\u00e9 de abandono com rela\u00e7\u00e3o \u00e0 crian\u00e7a. A fam\u00edlia deve apoiar, mas fazer com que a adolescente tenha papel ativo na cria\u00e7\u00e3o da crian\u00e7a\u201d, completa Elisangela.<\/p>\n<p>As jovens que necessitam de ajuda podem procurar o Sasad, que funciona no Departamento da Crian\u00e7a e do Adolescente (DSCA), localizado na Rua S\u00e3o Sebasti\u00e3o, n\u00ba 772, 4\u00ba andar, bairro Centro. O atendimento \u00e9 prestado de segunda a sexta-feira, de 7h \u00e0s 17h.<\/p>\n","protected":false},"excerpt":{"rendered":"<p>O n\u00famero de casos de gravidez na adolesc\u00eancia caiu 35% nos \u00faltimos anos, segundo o Minist\u00e9rio da Sa\u00fade. Em 2004, mais de 750 mil bebes nasceram de m\u00e3es na faixa et\u00e1ria de 10 a 19 anos, enquanto que, em 2015, esse n\u00famero reduziu para pouco mais de 489 mil. Evidentemente que o resultado a n\u00edvel [&hellip;]<\/p>\n","protected":false},"author":96,"featured_media":0,"comment_status":"closed","ping_status":"closed","sticky":false,"template":"","format":"standard","meta":{"footnotes":""},"categories":[253],"tags":[],"class_list":["post-93190","post","type-post","status-publish","format-standard","hentry","category-cidade"],"_links":{"self":[{"href":"https:\/\/diarioregionaldigital.com.br\/index.php?rest_route=\/wp\/v2\/posts\/93190","targetHints":{"allow":["GET"]}}],"collection":[{"href":"https:\/\/diarioregionaldigital.com.br\/index.php?rest_route=\/wp\/v2\/posts"}],"about":[{"href":"https:\/\/diarioregionaldigital.com.br\/index.php?rest_route=\/wp\/v2\/types\/post"}],"author":[{"embeddable":true,"href":"https:\/\/diarioregionaldigital.com.br\/index.php?rest_route=\/wp\/v2\/users\/96"}],"replies":[{"embeddable":true,"href":"https:\/\/diarioregionaldigital.com.br\/index.php?rest_route=%2Fwp%2Fv2%2Fcomments&post=93190"}],"version-history":[{"count":0,"href":"https:\/\/diarioregionaldigital.com.br\/index.php?rest_route=\/wp\/v2\/posts\/93190\/revisions"}],"wp:attachment":[{"href":"https:\/\/diarioregionaldigital.com.br\/index.php?rest_route=%2Fwp%2Fv2%2Fmedia&parent=93190"}],"wp:term":[{"taxonomy":"category","embeddable":true,"href":"https:\/\/diarioregionaldigital.com.br\/index.php?rest_route=%2Fwp%2Fv2%2Fcategories&post=93190"},{"taxonomy":"post_tag","embeddable":true,"href":"https:\/\/diarioregionaldigital.com.br\/index.php?rest_route=%2Fwp%2Fv2%2Ftags&post=93190"}],"curies":[{"name":"wp","href":"https:\/\/api.w.org\/{rel}","templated":true}]}}