{"id":93185,"date":"2018-03-05T20:29:55","date_gmt":"2018-03-05T23:29:55","guid":{"rendered":"http:\/\/diarioregionaljf.com.br\/2018\/03\/05\/justica-adia-decisao-sobre-votacao-do-impeachment-de-pezao\/"},"modified":"2018-03-05T20:29:55","modified_gmt":"2018-03-05T23:29:55","slug":"justica-adia-decisao-sobre-votacao-do-impeachment-de-pezao","status":"publish","type":"post","link":"https:\/\/diarioregionaldigital.com.br\/?p=93185","title":{"rendered":"Justi\u00e7a adia decis\u00e3o sobre vota\u00e7\u00e3o do impeachment de Pez\u00e3o"},"content":{"rendered":"<p>O \u00d3rg\u00e3o Especial do Tribunal de Justi\u00e7a do Rio de Janeiro (TJRJ) retirou da pauta dessa segunda-feira, 5, o julgamento do mandado de seguran\u00e7a impetrado pela bancada do PSOL na Assembleia Legislativa do Estado do Rio de Janeiro (Alerj) contra a Mesa Diretora, sobre o processo de impeachment do governador Luiz Fernando Pez\u00e3o. N\u00e3o h\u00e1 previs\u00e3o para o tema voltar \u00e0 pauta do \u00f3rg\u00e3o.<\/p>\n<p>O PSOL pediu o impeachment em fevereiro de 2017, alegando, entre outros motivos, crime de responsabilidade pelo descumprimento da aplica\u00e7\u00e3o do m\u00ednimo constitucional na \u00e1rea de sa\u00fade, descumprimento de decis\u00f5es judiciais, crime contra a guarda e o emprego do dinheiro p\u00fablico na conserva\u00e7\u00e3o do patrim\u00f4nio do Fundo de Previd\u00eancia dos Servidores Estaduais, o Rioprevid\u00eancia.<\/p>\n<p>Na ocasi\u00e3o, o ent\u00e3o presidente da Casa deputado Jorge Picciani (MDB), do mesmo partido do governador, arquivou o processo sem nenhuma an\u00e1lise por \u00f3rg\u00e3o da Alerj.<\/p>\n<p>No ano passado, a Comiss\u00e3o de Direito Constitucional da Ordem dos Advogados do Brasil seccional Rio de Janeiro (OAB-RJ) tamb\u00e9m aprovou pedido de impeachment do governador, pela \u201csitua\u00e7\u00e3o de calamidade no estado\u201d.<\/p>\n<p>Fonte: Ag\u00eancia Brasil<\/p>\n","protected":false},"excerpt":{"rendered":"<p>O \u00d3rg\u00e3o Especial do Tribunal de Justi\u00e7a do Rio de Janeiro (TJRJ) retirou da pauta dessa segunda-feira, 5, o julgamento do mandado de seguran\u00e7a impetrado pela bancada do PSOL na Assembleia Legislativa do Estado do Rio de Janeiro (Alerj) contra a Mesa Diretora, sobre o processo de impeachment do governador Luiz Fernando Pez\u00e3o. N\u00e3o h\u00e1 [&hellip;]<\/p>\n","protected":false},"author":96,"featured_media":93184,"comment_status":"closed","ping_status":"closed","sticky":false,"template":"","format":"standard","meta":{"footnotes":""},"categories":[254],"tags":[],"class_list":["post-93185","post","type-post","status-publish","format-standard","has-post-thumbnail","hentry","category-politica"],"_links":{"self":[{"href":"https:\/\/diarioregionaldigital.com.br\/index.php?rest_route=\/wp\/v2\/posts\/93185","targetHints":{"allow":["GET"]}}],"collection":[{"href":"https:\/\/diarioregionaldigital.com.br\/index.php?rest_route=\/wp\/v2\/posts"}],"about":[{"href":"https:\/\/diarioregionaldigital.com.br\/index.php?rest_route=\/wp\/v2\/types\/post"}],"author":[{"embeddable":true,"href":"https:\/\/diarioregionaldigital.com.br\/index.php?rest_route=\/wp\/v2\/users\/96"}],"replies":[{"embeddable":true,"href":"https:\/\/diarioregionaldigital.com.br\/index.php?rest_route=%2Fwp%2Fv2%2Fcomments&post=93185"}],"version-history":[{"count":0,"href":"https:\/\/diarioregionaldigital.com.br\/index.php?rest_route=\/wp\/v2\/posts\/93185\/revisions"}],"wp:featuredmedia":[{"embeddable":true,"href":"https:\/\/diarioregionaldigital.com.br\/index.php?rest_route=\/wp\/v2\/media\/93184"}],"wp:attachment":[{"href":"https:\/\/diarioregionaldigital.com.br\/index.php?rest_route=%2Fwp%2Fv2%2Fmedia&parent=93185"}],"wp:term":[{"taxonomy":"category","embeddable":true,"href":"https:\/\/diarioregionaldigital.com.br\/index.php?rest_route=%2Fwp%2Fv2%2Fcategories&post=93185"},{"taxonomy":"post_tag","embeddable":true,"href":"https:\/\/diarioregionaldigital.com.br\/index.php?rest_route=%2Fwp%2Fv2%2Ftags&post=93185"}],"curies":[{"name":"wp","href":"https:\/\/api.w.org\/{rel}","templated":true}]}}