{"id":93183,"date":"2018-03-05T20:28:24","date_gmt":"2018-03-05T23:28:24","guid":{"rendered":"http:\/\/diarioregionaljf.com.br\/2018\/03\/05\/taxa-de-desocupacao-cai-ao-longo-de-2017-em-minas-gerais\/"},"modified":"2018-03-05T20:28:24","modified_gmt":"2018-03-05T23:28:24","slug":"taxa-de-desocupacao-cai-ao-longo-de-2017-em-minas-gerais","status":"publish","type":"post","link":"https:\/\/diarioregionaldigital.com.br\/?p=93183","title":{"rendered":"Taxa de desocupa\u00e7\u00e3o cai ao longo de 2017 em Minas Gerais"},"content":{"rendered":"<p>No 4\u00ba trimestre de 2017 a taxa de desocupa\u00e7\u00e3o em Minas Gerais foi estimada em 10,6%, apresentando queda de -1,6 ponto percentual em compara\u00e7\u00e3o com o trimestre imediatamente anterior (12,3%). No Brasil, a taxa de desocupa\u00e7\u00e3o verificada foi de 11,8%. A queda foi ainda maior na compara\u00e7\u00e3o com o 1\u00ba trimestre de 2017, quando a taxa chegou a 13,7%. As informa\u00e7\u00f5es foram publicadas pela <a href=\"http:\/\/www.fjp.mg.gov.br\/\" target=\"_blank\" rel=\"noopener noreferrer\">Funda\u00e7\u00e3o Jo\u00e3o Pinheiro<\/a> na plataforma <a href=\"http:\/\/fjpdados.fjp.mg.gov.br\/Emprego\/\" target=\"_blank\" rel=\"noopener noreferrer\">FJP Dados<\/a>.<\/p>\n<p>No estado, a popula\u00e7\u00e3o em idade para trabalhar (17,5 milh\u00f5es) representou 82,9% do n\u00famero total de pessoas (21,2 milh\u00f5es). Desse grupo que pode exercer alguma atividade (14 anos ou mais de idade), 63,8% fazem parte da popula\u00e7\u00e3o economicamente ativa (PEA) e 36,2% est\u00e3o fora da for\u00e7a de trabalho.<\/p>\n<p>Do total de desocupados, as mulheres ainda t\u00eam mais dificuldade para encontrar um emprego, com a taxa de desocupa\u00e7\u00e3o de 12,4%, contra 9,3% estimados para os homens. Segundo o pesquisador da FJP Glauber Silveira, \u201capesar das mulheres serem maioria na popula\u00e7\u00e3o em idade de trabalhar (51,6%), entre as pessoas ocupadas verificou-se a predomin\u00e2ncia de homens (56,0%)\u201d.<\/p>\n<p>Embora menor do que as taxas apuradas nos tr\u00eas trimestres anteriores, pessoas na faixa et\u00e1ria de 18 a 24 anos permaneceram \u00e0 frente na taxa de desocupa\u00e7\u00e3o, com 22,8% registrados no 4\u00ba trimestre de 2017 (Tabela 1).<\/p>\n<p>A taxa de desocupa\u00e7\u00e3o aferida para o contingente de pessoas com ensino superior completo (5,6%) \u00e9 a menor desde o segundo trimestre de 2016. No recorte por ra\u00e7a\/cor, observou-se que a taxa de desocupa\u00e7\u00e3o dos que se declararam brancos (7,8%) ficou abaixo dos que se declaram pretos (13,5%) ou pardos (12,3%).<\/p>\n<p>Silveira ainda ressalta que \u201ca taxa de desocupa\u00e7\u00e3o por sexo, idade, n\u00edvel de instru\u00e7\u00e3o e ra\u00e7a\/cor caiu ao longo do ano devido \u00e0 recupera\u00e7\u00e3o da economia em 2017\u201d.<\/p>\n<p>Na \u00faltima sexta-feira, 2, os mineiros j\u00e1 haviam recebido outra boa not\u00edcia: o estado teve um saldo positivo de 8.336 vagas de trabalho em janeiro deste ano, o melhor resultado desde 2012. O resultado reverteu o comportamento negativo nos tr\u00eas \u00faltimos anos. Dessas vagas, 5.187 foram abertas no interior do estado. &#8220;Minas Gerais tem 132 postos do Sistema Nacional de Emprego (Sine), mantido pelo governo e munic\u00edpios. No ano passado, atendemos 2 milh\u00f5es de pessoas&#8221;, diz o subsecret\u00e1rio de Trabalho e Emprego da Secretaria de Estado de Trabalho e Defesa Social, Sedese, Ant\u00f4nio Roberto Lambertucci.<\/p>\n<p><img loading=\"lazy\" decoding=\"async\" class=\" size-full wp-image-93181\" src=\"http:\/\/diarioregionaljf.com.br\/wp-content\/uploads\/2018\/03\/diario-int-24766-1.jpg\" alt=\"tabela01.jpg\" width=\"560\" height=\"353\" style=\"display: block; margin-left: auto; margin-right: auto;\" srcset=\"https:\/\/diarioregionaldigital.com.br\/wp-content\/uploads\/2018\/03\/diario-int-24766-1.jpg 676w, https:\/\/diarioregionaldigital.com.br\/wp-content\/uploads\/2018\/03\/diario-int-24766-1-300x189.jpg 300w, https:\/\/diarioregionaldigital.com.br\/wp-content\/uploads\/2018\/03\/diario-int-24766-1-360x227.jpg 360w, https:\/\/diarioregionaldigital.com.br\/wp-content\/uploads\/2018\/03\/diario-int-24766-1-490x310.jpg 490w\" sizes=\"auto, (max-width: 560px) 100vw, 560px\" \/><\/p>\n<p>&nbsp;<\/p>\n<h4>RENDIMENTOS<\/h4>\n<p>No 4\u00ba trimestre de 2017, o rendimento m\u00e9dio real do trabalho principal, habitualmente recebido por m\u00eas pelas pessoas de 14 anos ou mais ocupadas foi estimado em R$1.804 para Minas Gerais.<\/p>\n<p>Esse resultado apresentou estabilidade em rela\u00e7\u00e3o ao terceiro trimestre de 2017 e aumento em rela\u00e7\u00e3o ao quarto trimestre de 2016 (Tabela 2).<\/p>\n<p>&nbsp;<\/p>\n<p><img loading=\"lazy\" decoding=\"async\" class=\" size-full wp-image-93182\" src=\"http:\/\/diarioregionaljf.com.br\/wp-content\/uploads\/2018\/03\/diario-int-24766-2.jpg\" alt=\"tabela02.jpg\" width=\"524\" height=\"340\" style=\"display: block; margin-left: auto; margin-right: auto;\" srcset=\"https:\/\/diarioregionaldigital.com.br\/wp-content\/uploads\/2018\/03\/diario-int-24766-2.jpg 680w, https:\/\/diarioregionaldigital.com.br\/wp-content\/uploads\/2018\/03\/diario-int-24766-2-300x195.jpg 300w, https:\/\/diarioregionaldigital.com.br\/wp-content\/uploads\/2018\/03\/diario-int-24766-2-360x233.jpg 360w\" sizes=\"auto, (max-width: 524px) 100vw, 524px\" \/><\/p>\n<p>&nbsp;<\/p>\n<p>Fonte: Ag\u00eancia Minas<\/p>\n","protected":false},"excerpt":{"rendered":"<p>No 4\u00ba trimestre de 2017 a taxa de desocupa\u00e7\u00e3o em Minas Gerais foi estimada em 10,6%, apresentando queda de -1,6 ponto percentual em compara\u00e7\u00e3o com o trimestre imediatamente anterior (12,3%). No Brasil, a taxa de desocupa\u00e7\u00e3o verificada foi de 11,8%. A queda foi ainda maior na compara\u00e7\u00e3o com o 1\u00ba trimestre de 2017, quando a [&hellip;]<\/p>\n","protected":false},"author":96,"featured_media":93180,"comment_status":"closed","ping_status":"closed","sticky":false,"template":"","format":"standard","meta":{"footnotes":""},"categories":[252],"tags":[],"class_list":["post-93183","post","type-post","status-publish","format-standard","has-post-thumbnail","hentry","category-regiao"],"_links":{"self":[{"href":"https:\/\/diarioregionaldigital.com.br\/index.php?rest_route=\/wp\/v2\/posts\/93183","targetHints":{"allow":["GET"]}}],"collection":[{"href":"https:\/\/diarioregionaldigital.com.br\/index.php?rest_route=\/wp\/v2\/posts"}],"about":[{"href":"https:\/\/diarioregionaldigital.com.br\/index.php?rest_route=\/wp\/v2\/types\/post"}],"author":[{"embeddable":true,"href":"https:\/\/diarioregionaldigital.com.br\/index.php?rest_route=\/wp\/v2\/users\/96"}],"replies":[{"embeddable":true,"href":"https:\/\/diarioregionaldigital.com.br\/index.php?rest_route=%2Fwp%2Fv2%2Fcomments&post=93183"}],"version-history":[{"count":0,"href":"https:\/\/diarioregionaldigital.com.br\/index.php?rest_route=\/wp\/v2\/posts\/93183\/revisions"}],"wp:featuredmedia":[{"embeddable":true,"href":"https:\/\/diarioregionaldigital.com.br\/index.php?rest_route=\/wp\/v2\/media\/93180"}],"wp:attachment":[{"href":"https:\/\/diarioregionaldigital.com.br\/index.php?rest_route=%2Fwp%2Fv2%2Fmedia&parent=93183"}],"wp:term":[{"taxonomy":"category","embeddable":true,"href":"https:\/\/diarioregionaldigital.com.br\/index.php?rest_route=%2Fwp%2Fv2%2Fcategories&post=93183"},{"taxonomy":"post_tag","embeddable":true,"href":"https:\/\/diarioregionaldigital.com.br\/index.php?rest_route=%2Fwp%2Fv2%2Ftags&post=93183"}],"curies":[{"name":"wp","href":"https:\/\/api.w.org\/{rel}","templated":true}]}}