{"id":93179,"date":"2018-03-05T20:17:32","date_gmt":"2018-03-05T23:17:32","guid":{"rendered":"http:\/\/diarioregionaljf.com.br\/2018\/03\/05\/hospital-infantil-da-rede-estadual-amplia-atendimento-para-vacinacao-contra-febre-amarela-em-criancas-alergicas-a-ovo\/"},"modified":"2018-03-05T20:17:32","modified_gmt":"2018-03-05T23:17:32","slug":"hospital-infantil-da-rede-estadual-amplia-atendimento-para-vacinacao-contra-febre-amarela-em-criancas-alergicas-a-ovo","status":"publish","type":"post","link":"https:\/\/diarioregionaldigital.com.br\/?p=93179","title":{"rendered":"Hospital infantil da rede estadual amplia atendimento para vacina\u00e7\u00e3o contra febre amarela em crian\u00e7as al\u00e9rgicas a ovo"},"content":{"rendered":"<p>O Hospital Infantil Jo\u00e3o Paulo II (HIJPII), que faz parte da Funda\u00e7\u00e3o Hospitalar do Estado de Minas Gerais (Fhemig), ampliou o atendimento para a vacina\u00e7\u00e3o contra a febre amarela em crian\u00e7as al\u00e9rgicas a ovo.<\/p>\n<p>Estas vacina\u00e7\u00f5es acontecem somente \u00e0s sextas-feiras e s\u00e3o agendadas previamente. N\u00e3o \u00e9 exigido um encaminhamento para a unidade para este fim, apenas um relat\u00f3rio do m\u00e9dico da crian\u00e7a que indique a necessidade do atendimento.<\/p>\n<p>O servi\u00e7o n\u00e3o tem uma data ou prazo para terminar. O agendamento \u00e9 feito por meio do telefone (31) 3239-9035.<\/p>\n<p>&nbsp;<\/p>\n<h4>ATENDIMENTO \u00c0S VACINA\u00c7\u00d5ES<\/h4>\n<p>Ao chegar ao hospital, a crian\u00e7a passa por uma triagem m\u00e9dica para averiguar seu quadro cl\u00ednico. Se o paciente j\u00e1 tiver um hist\u00f3rico de anafilaxia (ou choque anafil\u00e1tico), \u00e9 feito um teste al\u00e9rgico com a pr\u00f3pria vacina. Se o resultado for positivo, a vacina \u00e9 fracionada e aplicada em duas doses. Logo em seguida, aguarda uma hora em observa\u00e7\u00e3o. O cuidado da observa\u00e7\u00e3o \u00e9 mantido mesmo pra aqueles que n\u00e3o apresentem um grau elevado da alergia.<\/p>\n<p>Segundo o coordenador do Servi\u00e7o de Pneumologia e Alergia Alimentar do HIJPII, Wilson Rocha Filho, s\u00e3o raras as rea\u00e7\u00f5es \u00e0 vacina, mas s\u00e3o poss\u00edveis. Por isso, a equipe mant\u00e9m pr\u00f3ximos \u00e0 crian\u00e7a medicamentos que podem cortar imediatamente qualquer rea\u00e7\u00e3o.<\/p>\n<p>O Hospital Infantil Jo\u00e3o Paulo II, da Rede Fhemig, possui o N\u00facleo Allos, Centro de Refer\u00eancia Especializada na Preven\u00e7\u00e3o e Tratamento de Alergia Alimentar e Anafilaxia, que conta com uma equipe multidisciplinar &#8211; alergista, gastroenterologista, dermatologista, nutricionista e psic\u00f3logo.<\/p>\n<p>No caso das vacina\u00e7\u00f5es assistidas, a unidade segue o protocolo da Prefeitura de Belo Horizonte. T\u00e9cnicos da Coordenadoria de Imuniza\u00e7\u00e3o da Secretaria de Estado de Sa\u00fade (SES-MG) aproximaram o munic\u00edpio e o HIJPII e deram apoio t\u00e9cnico para a utiliza\u00e7\u00e3o desse protocolo de vacina\u00e7\u00e3o.<\/p>\n<p>Este \u00e9 o primeiro ano que o Infantil recebe, de todo o estado, as crian\u00e7as al\u00e9rgicas para serem vacinadas e a procura tem sido grande. Atualmente, os agendamentos est\u00e3o completos at\u00e9 abril. Por isso, a unidade dobrou o n\u00famero de agendamentos, passando de 10 para 20 crian\u00e7as a cada sexta-feira.<\/p>\n<p>\u201cMuitas vezes, h\u00e1 a necessidade da avalia\u00e7\u00e3o de um especialista em alergia para esclarecer melhor o caso. Tamb\u00e9m n\u00e3o \u00e9 simples a log\u00edstica de aplica\u00e7\u00e3o de vacina em hospital. Assim, o fluxo organizado entre a Secretaria Municipal de Sa\u00fade de Belo Horizonte e o Hospital Infantil Jo\u00e3o Paulo II possibilita o acesso da popula\u00e7\u00e3o ao especialista e \u00e0 vacina, permitindo sua vacina\u00e7\u00e3o em seguran\u00e7a\u201d, explica o m\u00e9dico da Coordenadoria de Imuniza\u00e7\u00e3o da SES-MG, Jos\u00e9 Geraldo Leite Ribeiro.<\/p>\n<p>Sobre os poss\u00edveis efeitos da vacina contra febre amarela em pacientes al\u00e9rgicos, Jos\u00e9 Geraldo tamb\u00e9m esclarece que \u201cnenhum procedimento \u00e9 isento de riscos; em raz\u00e3o disso, a vacina\u00e7\u00e3o, nesse caso em que o risco \u00e9 maior, deve ser feita em local capacitado a atender complica\u00e7\u00f5es de imediato. At\u00e9 o momento, nenhuma crian\u00e7a submetida ao protocolo em Belo Horizonte necessitou ser submetida a procedimentos de emerg\u00eancia\u201d, informa.<\/p>\n<p>&nbsp;<\/p>\n<h4>ALERGIA A OVO<\/h4>\n<p>A alergia a ovo \u00e9 a segunda mais comum existente, perdendo apenas para a alergia a leite. Segundo dados internacionais, cerca de 1% das crian\u00e7as pode apresentar esse tipo de alergia, com as mais variadas rea\u00e7\u00f5es &#8211; desde dermatites, n\u00e1useas at\u00e9 o choque anafil\u00e1tico.<\/p>\n<p>Uma das contraindica\u00e7\u00f5es da vacina contra a febre amarela \u00e9 a alergia a ovo. Isto porque, como explica o coordenador Wilson Rocha, a vacina \u00e9 cultivada em ovos embrionados de galinha e \u00e9 contaminada com microgramas de ovoalbumina (prote\u00edna do ovo), o que pode induzir a uma rea\u00e7\u00e3o al\u00e9rgica. O m\u00e9dico ainda explica que raramente o paciente chega \u00e0 vida adulta com essa alergia, que costuma desaparecer com os anos.<\/p>\n<p>&nbsp;<\/p>\n<p>Fonte: Ag\u00eancia Minas<\/p>\n","protected":false},"excerpt":{"rendered":"<p>O Hospital Infantil Jo\u00e3o Paulo II (HIJPII), que faz parte da Funda\u00e7\u00e3o Hospitalar do Estado de Minas Gerais (Fhemig), ampliou o atendimento para a vacina\u00e7\u00e3o contra a febre amarela em crian\u00e7as al\u00e9rgicas a ovo. Estas vacina\u00e7\u00f5es acontecem somente \u00e0s sextas-feiras e s\u00e3o agendadas previamente. N\u00e3o \u00e9 exigido um encaminhamento para a unidade para este fim, [&hellip;]<\/p>\n","protected":false},"author":96,"featured_media":93178,"comment_status":"closed","ping_status":"closed","sticky":false,"template":"","format":"standard","meta":{"footnotes":""},"categories":[252],"tags":[],"class_list":["post-93179","post","type-post","status-publish","format-standard","has-post-thumbnail","hentry","category-regiao"],"_links":{"self":[{"href":"https:\/\/diarioregionaldigital.com.br\/index.php?rest_route=\/wp\/v2\/posts\/93179","targetHints":{"allow":["GET"]}}],"collection":[{"href":"https:\/\/diarioregionaldigital.com.br\/index.php?rest_route=\/wp\/v2\/posts"}],"about":[{"href":"https:\/\/diarioregionaldigital.com.br\/index.php?rest_route=\/wp\/v2\/types\/post"}],"author":[{"embeddable":true,"href":"https:\/\/diarioregionaldigital.com.br\/index.php?rest_route=\/wp\/v2\/users\/96"}],"replies":[{"embeddable":true,"href":"https:\/\/diarioregionaldigital.com.br\/index.php?rest_route=%2Fwp%2Fv2%2Fcomments&post=93179"}],"version-history":[{"count":0,"href":"https:\/\/diarioregionaldigital.com.br\/index.php?rest_route=\/wp\/v2\/posts\/93179\/revisions"}],"wp:featuredmedia":[{"embeddable":true,"href":"https:\/\/diarioregionaldigital.com.br\/index.php?rest_route=\/wp\/v2\/media\/93178"}],"wp:attachment":[{"href":"https:\/\/diarioregionaldigital.com.br\/index.php?rest_route=%2Fwp%2Fv2%2Fmedia&parent=93179"}],"wp:term":[{"taxonomy":"category","embeddable":true,"href":"https:\/\/diarioregionaldigital.com.br\/index.php?rest_route=%2Fwp%2Fv2%2Fcategories&post=93179"},{"taxonomy":"post_tag","embeddable":true,"href":"https:\/\/diarioregionaldigital.com.br\/index.php?rest_route=%2Fwp%2Fv2%2Ftags&post=93179"}],"curies":[{"name":"wp","href":"https:\/\/api.w.org\/{rel}","templated":true}]}}