{"id":93170,"date":"2018-03-05T19:42:29","date_gmt":"2018-03-05T22:42:29","guid":{"rendered":"http:\/\/diarioregionaljf.com.br\/2018\/03\/05\/vinte-pessoas-sao-detidas-durante-operacao-de-repressao-ao-trafico-no-centro-oeste-mineiro\/"},"modified":"2018-03-05T19:42:29","modified_gmt":"2018-03-05T22:42:29","slug":"vinte-pessoas-sao-detidas-durante-operacao-de-repressao-ao-trafico-no-centro-oeste-mineiro","status":"publish","type":"post","link":"https:\/\/diarioregionaldigital.com.br\/?p=93170","title":{"rendered":"Vinte pessoas s\u00e3o detidas durante opera\u00e7\u00e3o de repress\u00e3o ao tr\u00e1fico no Centro-Oeste mineiro"},"content":{"rendered":"<p>Uma opera\u00e7\u00e3o realizada pela Pol\u00edcia Militar de Minas Gerais (PMMG) para reprimir o tr\u00e1fico de drogas e a criminalidade violenta nos munic\u00edpios de Nova Serrana, Perdig\u00e3o e Ara\u00fajos, na regi\u00e3o Centro-Oeste, resultou na pris\u00e3o de 16 pessoas, sendo oito em flagrante e o restante em cumprimento de mandados de pris\u00e3o. Dois adolescentes tamb\u00e9m foram apreendidos.<\/p>\n<p>Al\u00e9m dos presos, foram apreendidos tamb\u00e9m cerca de 1,2 Kg de maconha, 1,5 kg de crack, um rev\u00f3lver cal.38, 37 muni\u00e7\u00f5es cal.38 e 23 cal.28, R$5.236 em dinheiro, 32 aparelhos celulares, oito ve\u00edculos, tr\u00eas balan\u00e7as de precis\u00e3o, p\u00e1ssaros, um notebook e materiais para dolagem de drogas.<\/p>\n<p>A a\u00e7\u00e3o contou com o apoio de policiais militares do 23\u00ba BPM, da 7a Cia Independente de Meio Ambiente e Tr\u00e2nsito, da 7\u00aa Cia Independente de Policiamento Especializado (Cia Ind PE), do Canil (ROCCA), do 60\u00ba BPM, do 7\u00ba Batalh\u00e3o e da 7\u00aa Regi\u00e3o de Pol\u00edcia Militar (RPM). O Helic\u00f3ptero Pegasus tamb\u00e9m foi utilizado na opera\u00e7\u00e3o.<\/p>\n<p>De acordo com o comandante da 7\u00aa Regi\u00e3o, coronel Marcelo Augusto, na opera\u00e7\u00e3o realizada na \u00faltima sexta-feira, 2, foram presos os principais suspeitos envolvidos com a criminalidade em Nova Serrana, considerados os l\u00edderes do tr\u00e1fico de drogas nas cidades de Perdig\u00e3o e Ara\u00fajos, sendo mandantes de diversos homic\u00eddios nas cidades. \u201cEsta \u00e9 uma das v\u00e1rias opera\u00e7\u00f5es que est\u00e3o sendo desenvolvidas nos 50 munic\u00edpios que integram a 7\u00aa Regi\u00e3o com o objetivo de reduzir a criminalidade violenta, retirando de circula\u00e7\u00e3o infratores de crimes contumazes, armas e drogas, al\u00e9m de proporcionar sensa\u00e7\u00e3o de seguran\u00e7a aos cidad\u00e3os do Centro-Oeste mineiro\u201d, destacou.<\/p>\n<p>Em apoio \u00e0 opera\u00e7\u00e3o realizada em Nova Serrana, policiais militares do 23\u00ba Batalh\u00e3o cumpriram mandados de pris\u00e3o nos bairros Padre Eust\u00e1quio e Vila Romana, onde foram presos dois homens com passagens por tr\u00e1fico de drogas. Durante as buscas, foram apreendidos 1,2 kg de crack, R$111 reais em dinheiro, uma c\u00e2mera fotogr\u00e1fica, um aparelho celular, vasto material para embalagem de drogas.<\/p>\n<p>&nbsp;<\/p>\n<p>Fonte: Assessoria\/PMMG<\/p>\n","protected":false},"excerpt":{"rendered":"<p>Uma opera\u00e7\u00e3o realizada pela Pol\u00edcia Militar de Minas Gerais (PMMG) para reprimir o tr\u00e1fico de drogas e a criminalidade violenta nos munic\u00edpios de Nova Serrana, Perdig\u00e3o e Ara\u00fajos, na regi\u00e3o Centro-Oeste, resultou na pris\u00e3o de 16 pessoas, sendo oito em flagrante e o restante em cumprimento de mandados de pris\u00e3o. Dois adolescentes tamb\u00e9m foram apreendidos. [&hellip;]<\/p>\n","protected":false},"author":96,"featured_media":93169,"comment_status":"closed","ping_status":"closed","sticky":false,"template":"","format":"standard","meta":{"footnotes":""},"categories":[252],"tags":[],"class_list":["post-93170","post","type-post","status-publish","format-standard","has-post-thumbnail","hentry","category-regiao"],"_links":{"self":[{"href":"https:\/\/diarioregionaldigital.com.br\/index.php?rest_route=\/wp\/v2\/posts\/93170","targetHints":{"allow":["GET"]}}],"collection":[{"href":"https:\/\/diarioregionaldigital.com.br\/index.php?rest_route=\/wp\/v2\/posts"}],"about":[{"href":"https:\/\/diarioregionaldigital.com.br\/index.php?rest_route=\/wp\/v2\/types\/post"}],"author":[{"embeddable":true,"href":"https:\/\/diarioregionaldigital.com.br\/index.php?rest_route=\/wp\/v2\/users\/96"}],"replies":[{"embeddable":true,"href":"https:\/\/diarioregionaldigital.com.br\/index.php?rest_route=%2Fwp%2Fv2%2Fcomments&post=93170"}],"version-history":[{"count":0,"href":"https:\/\/diarioregionaldigital.com.br\/index.php?rest_route=\/wp\/v2\/posts\/93170\/revisions"}],"wp:featuredmedia":[{"embeddable":true,"href":"https:\/\/diarioregionaldigital.com.br\/index.php?rest_route=\/wp\/v2\/media\/93169"}],"wp:attachment":[{"href":"https:\/\/diarioregionaldigital.com.br\/index.php?rest_route=%2Fwp%2Fv2%2Fmedia&parent=93170"}],"wp:term":[{"taxonomy":"category","embeddable":true,"href":"https:\/\/diarioregionaldigital.com.br\/index.php?rest_route=%2Fwp%2Fv2%2Fcategories&post=93170"},{"taxonomy":"post_tag","embeddable":true,"href":"https:\/\/diarioregionaldigital.com.br\/index.php?rest_route=%2Fwp%2Fv2%2Ftags&post=93170"}],"curies":[{"name":"wp","href":"https:\/\/api.w.org\/{rel}","templated":true}]}}