{"id":93162,"date":"2018-03-05T19:23:54","date_gmt":"2018-03-05T22:23:54","guid":{"rendered":"http:\/\/diarioregionaljf.com.br\/2018\/03\/05\/tiros-sao-disparados-durante-briga-no-filgueiras\/"},"modified":"2018-03-05T19:23:54","modified_gmt":"2018-03-05T22:23:54","slug":"tiros-sao-disparados-durante-briga-no-filgueiras","status":"publish","type":"post","link":"https:\/\/diarioregionaldigital.com.br\/?p=93162","title":{"rendered":"Tiros s\u00e3o disparados durante briga no Filgueiras"},"content":{"rendered":"<p>Quatro homens, com idades entre 19 e 27 anos, se envolverem em uma briga no bairro Filgueiras, zona Nordeste, na noite desse domingo, 4.<\/p>\n<p>De acordo com informa\u00e7\u00f5es da Pol\u00edcia Militar (PM), uma guarni\u00e7\u00e3o compareceu \u00e0 Rua Orlando Riani ap\u00f3s populares denunciarem a ocorr\u00eancia de uma briga no local. Segundo os relatos, tiros haviam sido disparados.<\/p>\n<p>Os envolvidos fugiram, mas foram localizados durante rastreamento. Um dos autores alegou que estava com sua namorada quando foram amea\u00e7ados e agredidos pelos demais, por motivos desconhecidos.<\/p>\n<p>Os autores ainda afirmaram que, durante a agress\u00e3o, ocorreram disparos de arma de fogo, por\u00e9m n\u00e3o identificaram a autoria dos tiros.<\/p>\n<p>Os detidos foram encaminhados ao Hospital de Pronto Socorro (HPS), sendo, posteriormente, presos e encaminhados \u00e0 delegacia.<\/p>\n","protected":false},"excerpt":{"rendered":"<p>Quatro homens, com idades entre 19 e 27 anos, se envolverem em uma briga no bairro Filgueiras, zona Nordeste, na noite desse domingo, 4. De acordo com informa\u00e7\u00f5es da Pol\u00edcia Militar (PM), uma guarni\u00e7\u00e3o compareceu \u00e0 Rua Orlando Riani ap\u00f3s populares denunciarem a ocorr\u00eancia de uma briga no local. Segundo os relatos, tiros haviam sido [&hellip;]<\/p>\n","protected":false},"author":96,"featured_media":93161,"comment_status":"closed","ping_status":"closed","sticky":false,"template":"","format":"standard","meta":{"footnotes":""},"categories":[301],"tags":[],"class_list":["post-93162","post","type-post","status-publish","format-standard","has-post-thumbnail","hentry","category-artigos-policiais"],"_links":{"self":[{"href":"https:\/\/diarioregionaldigital.com.br\/index.php?rest_route=\/wp\/v2\/posts\/93162","targetHints":{"allow":["GET"]}}],"collection":[{"href":"https:\/\/diarioregionaldigital.com.br\/index.php?rest_route=\/wp\/v2\/posts"}],"about":[{"href":"https:\/\/diarioregionaldigital.com.br\/index.php?rest_route=\/wp\/v2\/types\/post"}],"author":[{"embeddable":true,"href":"https:\/\/diarioregionaldigital.com.br\/index.php?rest_route=\/wp\/v2\/users\/96"}],"replies":[{"embeddable":true,"href":"https:\/\/diarioregionaldigital.com.br\/index.php?rest_route=%2Fwp%2Fv2%2Fcomments&post=93162"}],"version-history":[{"count":0,"href":"https:\/\/diarioregionaldigital.com.br\/index.php?rest_route=\/wp\/v2\/posts\/93162\/revisions"}],"wp:featuredmedia":[{"embeddable":true,"href":"https:\/\/diarioregionaldigital.com.br\/index.php?rest_route=\/wp\/v2\/media\/93161"}],"wp:attachment":[{"href":"https:\/\/diarioregionaldigital.com.br\/index.php?rest_route=%2Fwp%2Fv2%2Fmedia&parent=93162"}],"wp:term":[{"taxonomy":"category","embeddable":true,"href":"https:\/\/diarioregionaldigital.com.br\/index.php?rest_route=%2Fwp%2Fv2%2Fcategories&post=93162"},{"taxonomy":"post_tag","embeddable":true,"href":"https:\/\/diarioregionaldigital.com.br\/index.php?rest_route=%2Fwp%2Fv2%2Ftags&post=93162"}],"curies":[{"name":"wp","href":"https:\/\/api.w.org\/{rel}","templated":true}]}}