{"id":93158,"date":"2018-03-05T18:53:21","date_gmt":"2018-03-05T21:53:21","guid":{"rendered":"http:\/\/diarioregionaljf.com.br\/2018\/03\/05\/secretaria-de-atividades-urbanas-interdita-bar-na-avenida-dos-andradas\/"},"modified":"2018-03-05T18:53:21","modified_gmt":"2018-03-05T21:53:21","slug":"secretaria-de-atividades-urbanas-interdita-bar-na-avenida-dos-andradas","status":"publish","type":"post","link":"https:\/\/diarioregionaldigital.com.br\/?p=93158","title":{"rendered":"Secretaria de Atividades Urbanas interdita bar na Avenida dos Andradas"},"content":{"rendered":"<p>Ap\u00f3s pedido da Pol\u00edcia Militar (PM), a Secretaria de Atividades Urbanas (SAU) da Prefeitura de Juiz de Fora (PJF), por meio de seu Departamento de Fiscaliza\u00e7\u00e3o promoveu a interdi\u00e7\u00e3o de um bar localizado na Avenida dos Andradas, no Centro da cidade, na sexta-feira, 2. A motiva\u00e7\u00e3o da a\u00e7\u00e3o se deu por situa\u00e7\u00f5es de ordem p\u00fablica e social, comprovadas atrav\u00e9s de boletins de ocorr\u00eancia enviados pela PM. O estabelecimento, al\u00e9m de infringir as normas posturais, como polui\u00e7\u00e3o sonora e mesas e cadeiras colocadas irregularmente sem a devida autoriza\u00e7\u00e3o, j\u00e1 contava com mais de 50 registros policiais.<\/p>\n<p>A interdi\u00e7\u00e3o teve como base o Artigo 102 do C\u00f3digo de Posturas do Munic\u00edpio. Segundo ele, os estabelecimentos, eventos, equipamentos ou aparelhos de qualquer natureza poder\u00e3o ser interditados, total ou parcialmente, pelo Poder Executivo.<\/p>\n<p>A medida ocorrer\u00e1 quando houver iminente risco \u00e0 sa\u00fade, \u00e0 seguran\u00e7a, \u00e0 higiene e ao meio ambiente, independentemente de outros procedimentos devidamente comprovados, ou o local n\u00e3o dispor de licen\u00e7a de funcionamento.<\/p>\n<p>&nbsp;<\/p>\n<p>Fonte: Assessoria<\/p>\n","protected":false},"excerpt":{"rendered":"<p>Ap\u00f3s pedido da Pol\u00edcia Militar (PM), a Secretaria de Atividades Urbanas (SAU) da Prefeitura de Juiz de Fora (PJF), por meio de seu Departamento de Fiscaliza\u00e7\u00e3o promoveu a interdi\u00e7\u00e3o de um bar localizado na Avenida dos Andradas, no Centro da cidade, na sexta-feira, 2. A motiva\u00e7\u00e3o da a\u00e7\u00e3o se deu por situa\u00e7\u00f5es de ordem p\u00fablica [&hellip;]<\/p>\n","protected":false},"author":96,"featured_media":93157,"comment_status":"closed","ping_status":"closed","sticky":false,"template":"","format":"standard","meta":{"footnotes":""},"categories":[253],"tags":[],"class_list":["post-93158","post","type-post","status-publish","format-standard","has-post-thumbnail","hentry","category-cidade"],"_links":{"self":[{"href":"https:\/\/diarioregionaldigital.com.br\/index.php?rest_route=\/wp\/v2\/posts\/93158","targetHints":{"allow":["GET"]}}],"collection":[{"href":"https:\/\/diarioregionaldigital.com.br\/index.php?rest_route=\/wp\/v2\/posts"}],"about":[{"href":"https:\/\/diarioregionaldigital.com.br\/index.php?rest_route=\/wp\/v2\/types\/post"}],"author":[{"embeddable":true,"href":"https:\/\/diarioregionaldigital.com.br\/index.php?rest_route=\/wp\/v2\/users\/96"}],"replies":[{"embeddable":true,"href":"https:\/\/diarioregionaldigital.com.br\/index.php?rest_route=%2Fwp%2Fv2%2Fcomments&post=93158"}],"version-history":[{"count":0,"href":"https:\/\/diarioregionaldigital.com.br\/index.php?rest_route=\/wp\/v2\/posts\/93158\/revisions"}],"wp:featuredmedia":[{"embeddable":true,"href":"https:\/\/diarioregionaldigital.com.br\/index.php?rest_route=\/wp\/v2\/media\/93157"}],"wp:attachment":[{"href":"https:\/\/diarioregionaldigital.com.br\/index.php?rest_route=%2Fwp%2Fv2%2Fmedia&parent=93158"}],"wp:term":[{"taxonomy":"category","embeddable":true,"href":"https:\/\/diarioregionaldigital.com.br\/index.php?rest_route=%2Fwp%2Fv2%2Fcategories&post=93158"},{"taxonomy":"post_tag","embeddable":true,"href":"https:\/\/diarioregionaldigital.com.br\/index.php?rest_route=%2Fwp%2Fv2%2Ftags&post=93158"}],"curies":[{"name":"wp","href":"https:\/\/api.w.org\/{rel}","templated":true}]}}