{"id":93156,"date":"2018-03-05T18:44:30","date_gmt":"2018-03-05T21:44:30","guid":{"rendered":"http:\/\/diarioregionaljf.com.br\/2018\/03\/05\/homem-e-roubado-dentro-de-casa-no-santa-luzia\/"},"modified":"2018-03-05T18:44:30","modified_gmt":"2018-03-05T21:44:30","slug":"homem-e-roubado-dentro-de-casa-no-santa-luzia","status":"publish","type":"post","link":"https:\/\/diarioregionaldigital.com.br\/?p=93156","title":{"rendered":"Homem \u00e9 roubado dentro de casa no Santa Luzia"},"content":{"rendered":"<p>Um homem de 50 anos foi roubado dentro de casa na Rua Waldemar Pereira, no bairro Santa Luzia, zona Sul, na noite desse domingo, 4.<\/p>\n<p>De acordo com informa\u00e7\u00f5es do Boletim de Ocorr\u00eancia (BO), a v\u00edtima relatou \u00e0 Pol\u00edcia Militar (PM) que estava na resid\u00eancia quando a mesma foi invadida por indiv\u00edduos armados com facas. Sob amea\u00e7as de morte, os autores roubaram v\u00e1rias pe\u00e7as de roupas, um celular e um cart\u00e3o de cr\u00e9dito. Eles fugiram em rumo ignorado.<\/p>\n<p>Os militares realizaram rastreamento, mas os suspeitos n\u00e3o foram encontrados.<\/p>\n","protected":false},"excerpt":{"rendered":"<p>Um homem de 50 anos foi roubado dentro de casa na Rua Waldemar Pereira, no bairro Santa Luzia, zona Sul, na noite desse domingo, 4. De acordo com informa\u00e7\u00f5es do Boletim de Ocorr\u00eancia (BO), a v\u00edtima relatou \u00e0 Pol\u00edcia Militar (PM) que estava na resid\u00eancia quando a mesma foi invadida por indiv\u00edduos armados com facas. [&hellip;]<\/p>\n","protected":false},"author":96,"featured_media":93155,"comment_status":"closed","ping_status":"closed","sticky":false,"template":"","format":"standard","meta":{"footnotes":""},"categories":[301],"tags":[],"class_list":["post-93156","post","type-post","status-publish","format-standard","has-post-thumbnail","hentry","category-artigos-policiais"],"_links":{"self":[{"href":"https:\/\/diarioregionaldigital.com.br\/index.php?rest_route=\/wp\/v2\/posts\/93156","targetHints":{"allow":["GET"]}}],"collection":[{"href":"https:\/\/diarioregionaldigital.com.br\/index.php?rest_route=\/wp\/v2\/posts"}],"about":[{"href":"https:\/\/diarioregionaldigital.com.br\/index.php?rest_route=\/wp\/v2\/types\/post"}],"author":[{"embeddable":true,"href":"https:\/\/diarioregionaldigital.com.br\/index.php?rest_route=\/wp\/v2\/users\/96"}],"replies":[{"embeddable":true,"href":"https:\/\/diarioregionaldigital.com.br\/index.php?rest_route=%2Fwp%2Fv2%2Fcomments&post=93156"}],"version-history":[{"count":0,"href":"https:\/\/diarioregionaldigital.com.br\/index.php?rest_route=\/wp\/v2\/posts\/93156\/revisions"}],"wp:featuredmedia":[{"embeddable":true,"href":"https:\/\/diarioregionaldigital.com.br\/index.php?rest_route=\/wp\/v2\/media\/93155"}],"wp:attachment":[{"href":"https:\/\/diarioregionaldigital.com.br\/index.php?rest_route=%2Fwp%2Fv2%2Fmedia&parent=93156"}],"wp:term":[{"taxonomy":"category","embeddable":true,"href":"https:\/\/diarioregionaldigital.com.br\/index.php?rest_route=%2Fwp%2Fv2%2Fcategories&post=93156"},{"taxonomy":"post_tag","embeddable":true,"href":"https:\/\/diarioregionaldigital.com.br\/index.php?rest_route=%2Fwp%2Fv2%2Ftags&post=93156"}],"curies":[{"name":"wp","href":"https:\/\/api.w.org\/{rel}","templated":true}]}}