{"id":93154,"date":"2018-03-05T18:38:36","date_gmt":"2018-03-05T21:38:36","guid":{"rendered":"http:\/\/diarioregionaljf.com.br\/2018\/03\/05\/carlos-siqueira-e-reeleito-presidente-nacional-do-psb\/"},"modified":"2018-03-05T18:38:36","modified_gmt":"2018-03-05T21:38:36","slug":"carlos-siqueira-e-reeleito-presidente-nacional-do-psb","status":"publish","type":"post","link":"https:\/\/diarioregionaldigital.com.br\/?p=93154","title":{"rendered":"Carlos Siqueira \u00e9 reeleito presidente nacional do PSB"},"content":{"rendered":"<p>O 14\u00ba Congresso Nacional do PSB reelegeu, nesse s\u00e1bado, 3, em Bras\u00edlia, o atual presidente Carlos Siqueira para o tri\u00eanio 2018-2021. Siqueira foi reconduzido por aclama\u00e7\u00e3o, em chapa \u00fanica.<\/p>\n<p>Com Siqueira foram eleitos os 161 novos membros do diret\u00f3rio nacional. Ap\u00f3s o encerramento do congresso, o diret\u00f3rio escolheu a nova Comiss\u00e3o Executiva Nacional do partido, com 43 integrantes.<\/p>\n<p>Ap\u00f3s a elei\u00e7\u00e3o, Siqueira agradeceu aos socialistas pelo apoio nesses tr\u00eas anos em que esteve \u00e0 frente do partido e destacou a unidade demonstrada nos debates e nas decis\u00f5es durante o Congresso realizado no Centro Internacional de Conven\u00e7\u00f5es do Brasil.<\/p>\n<p>\u201cQuero agradecer a voc\u00eas, que s\u00e3o grandes respons\u00e1veis pelo sucesso desse congresso, o maior que o partido j\u00e1 realizou em n\u00famero de delegados. Voc\u00eas s\u00e3o respons\u00e1veis tamb\u00e9m pela unidade partid\u00e1ria que se expressou aqui nesses tr\u00eas dias\u201d, disse Siqueira, diante dos 1,3 mil delegados.<\/p>\n<p>Segundo ele, o conte\u00fado das discuss\u00f5es e decis\u00f5es do congresso servir\u00e1 de orienta\u00e7\u00e3o para o PSB definir nas conven\u00e7\u00f5es estaduais e na nacional, em julho deste ano, seu rumo eleitoral para 2018.<\/p>\n<p>\u201cFizemos muitos debates, ouvimos todas as vozes, concordantes ou discordantes, porque isso faz parte. Este congresso foi o mais unit\u00e1rio da hist\u00f3ria do PSB. Todos puderam opinar democraticamente\u201d, disse.<\/p>\n<p>Os governadores Paulo C\u00e2mara (PE), Ricardo Coutinho (PB) e Rodrigo Rollemberg (DF) ocupam vice-presid\u00eancias, assim como o ex-deputado federal Beto Albuquerque (RS), o ex-ministro Aldo Rebelo (SP), o senador Jo\u00e3o Capiberibe (AP), o ex-prefeito Rubens Bomtempo (RJ), o deputado federal Danilo Cabral (PE) e Jo\u00e3o Campos, filho do ex-governador Eduardo Campos.<\/p>\n<p>O vice-governador M\u00e1rcio Fran\u00e7a (SP) permanece como secret\u00e1rio nacional de finan\u00e7as e o ex-governador Renato Casagrande (ES) na secretaria-geral do partido.<\/p>\n<p>Siqueira ressaltou tamb\u00e9m a democracia interna do PSB, que ganhou refor\u00e7o, no \u00faltimo ano, com uma plataforma de comunica\u00e7\u00e3o digital e, agora, com a cria\u00e7\u00e3o de uma vice-presid\u00eancia voltada para \u201cmodernizar\u201d a rela\u00e7\u00e3o dos filiados em todas as inst\u00e2ncias, por meio das m\u00eddias digitais.<\/p>\n<p>O presidente do PSB ressaltou que este ser\u00e1 um ano decisivo para o partido no plano eleitoral. Pela primeira vez o PSB disputar\u00e1 as elei\u00e7\u00f5es no Sudeste com tr\u00eas candidaturas \u201cfortes\u201d, em S\u00e3o Paulo, com M\u00e1rcio Fran\u00e7a, em Minas Gerais, com M\u00e1rcio Lacerda e no Esp\u00edrito Santo, com Renato Casagrande.<\/p>\n<p>O partido tamb\u00e9m ter\u00e1 candidaturas competitivas no Distrito Federal, Tocantins, Pernambuco, Amap\u00e1, Amazonas, Sergipe, Tocantins e Rio Grande do Norte, com a filia\u00e7\u00e3o, nos pr\u00f3ximos dias, do vice-governador F\u00e1bio Dantas.<\/p>\n<p>Siqueira disse que as elei\u00e7\u00f5es dos socialistas n\u00e3o devem ser \u201cum fim em si mesmo\u201d. \u201cSomos candidatos porque queremos melhorar a vida da nossa gente, porque queremos melhorar e desenvolver o nosso pa\u00eds. Vamos dar um conte\u00fado \u00e0s nossas elei\u00e7\u00f5es, que elas n\u00e3o sejam um fim em si mesmo e nem oca de ideias\u201d, defendeu.<\/p>\n<p>Siqueira fez uma sauda\u00e7\u00e3o especial \u00e0 secret\u00e1ria nacional do segmento LGBT Socialista, Tathiane Ara\u00fajo, como a primeira mulher trans a compor a dire\u00e7\u00e3o nacional do partido.<\/p>\n<p>\u201cEsta talvez seja a primeira vez na hist\u00f3ria dos partidos brasileiros que n\u00f3s vamos ter uma mulher trans participando da dire\u00e7\u00e3o do partido. Isso deveria ser natural, mas o fato \u00e9 que existe o preconceito, e o preconceito de qualquer natureza n\u00e3o pode fazer parte do nosso partido\u201d, destacou.<\/p>\n<p>Siqueira agradeceu ainda ao apoio dos segmentos sociais do PSB e reafirmou que \u201co partido n\u00e3o \u00e9 a dire\u00e7\u00e3o, \u00e9 o conjunto de seus filiados\u201d. \u201cPrecisamos de todos voc\u00eas para que a dire\u00e7\u00e3o acerte, tenha \u00eaxito e contribu\u00eda nas suas rela\u00e7\u00f5es com as tantas for\u00e7as pol\u00edticas partid\u00e1rias que existem em nosso pa\u00eds\u201d, finalizou.<\/p>\n<p>Fonte: Assessoria<\/p>\n","protected":false},"excerpt":{"rendered":"<p>O 14\u00ba Congresso Nacional do PSB reelegeu, nesse s\u00e1bado, 3, em Bras\u00edlia, o atual presidente Carlos Siqueira para o tri\u00eanio 2018-2021. Siqueira foi reconduzido por aclama\u00e7\u00e3o, em chapa \u00fanica. Com Siqueira foram eleitos os 161 novos membros do diret\u00f3rio nacional. Ap\u00f3s o encerramento do congresso, o diret\u00f3rio escolheu a nova Comiss\u00e3o Executiva Nacional do partido, [&hellip;]<\/p>\n","protected":false},"author":96,"featured_media":93153,"comment_status":"closed","ping_status":"closed","sticky":false,"template":"","format":"standard","meta":{"footnotes":""},"categories":[254],"tags":[],"class_list":["post-93154","post","type-post","status-publish","format-standard","has-post-thumbnail","hentry","category-politica"],"_links":{"self":[{"href":"https:\/\/diarioregionaldigital.com.br\/index.php?rest_route=\/wp\/v2\/posts\/93154","targetHints":{"allow":["GET"]}}],"collection":[{"href":"https:\/\/diarioregionaldigital.com.br\/index.php?rest_route=\/wp\/v2\/posts"}],"about":[{"href":"https:\/\/diarioregionaldigital.com.br\/index.php?rest_route=\/wp\/v2\/types\/post"}],"author":[{"embeddable":true,"href":"https:\/\/diarioregionaldigital.com.br\/index.php?rest_route=\/wp\/v2\/users\/96"}],"replies":[{"embeddable":true,"href":"https:\/\/diarioregionaldigital.com.br\/index.php?rest_route=%2Fwp%2Fv2%2Fcomments&post=93154"}],"version-history":[{"count":0,"href":"https:\/\/diarioregionaldigital.com.br\/index.php?rest_route=\/wp\/v2\/posts\/93154\/revisions"}],"wp:featuredmedia":[{"embeddable":true,"href":"https:\/\/diarioregionaldigital.com.br\/index.php?rest_route=\/wp\/v2\/media\/93153"}],"wp:attachment":[{"href":"https:\/\/diarioregionaldigital.com.br\/index.php?rest_route=%2Fwp%2Fv2%2Fmedia&parent=93154"}],"wp:term":[{"taxonomy":"category","embeddable":true,"href":"https:\/\/diarioregionaldigital.com.br\/index.php?rest_route=%2Fwp%2Fv2%2Fcategories&post=93154"},{"taxonomy":"post_tag","embeddable":true,"href":"https:\/\/diarioregionaldigital.com.br\/index.php?rest_route=%2Fwp%2Fv2%2Ftags&post=93154"}],"curies":[{"name":"wp","href":"https:\/\/api.w.org\/{rel}","templated":true}]}}