{"id":93152,"date":"2018-03-05T18:33:05","date_gmt":"2018-03-05T21:33:05","guid":{"rendered":"http:\/\/diarioregionaljf.com.br\/2018\/03\/05\/juiz-forano-gabriel-giovannini-coloca-o-brasil-de-novo-no-topo-da-prova-de-downhill\/"},"modified":"2018-03-05T18:33:05","modified_gmt":"2018-03-05T21:33:05","slug":"juiz-forano-gabriel-giovannini-coloca-o-brasil-de-novo-no-topo-da-prova-de-downhill","status":"publish","type":"post","link":"https:\/\/diarioregionaldigital.com.br\/?p=93152","title":{"rendered":"Juiz-forano Gabriel Giovannini coloca o Brasil de novo no Topo da prova de Downhill"},"content":{"rendered":"<p>Gabriel Giovannini, \u00e9 o campe\u00e3o da Descida das Escadas de Santos e quebra um longo jejum de vit\u00f3rias brasileiras na competi\u00e7\u00e3o. Desde 2009 um brasileiro n\u00e3o vencia a disputa, na Baixada Santista, cuja final foi disputada neste domingo, 4.<\/p>\n<p>O vencedor do circuito do Morro do Pacheco, que tem 514 degraus em uma pista de 600 metros de extens\u00e3o, al\u00e9m de um desn\u00edvel de 143 metros (equivalente a um pr\u00e9dio de 45 andares), marcou o tempo o tempo de 56s435. Lucas Borba terminou em segundo, com 57s302, seguido por Bruno Pinto, com 58s041.<\/p>\n<p>A prova de downhill urbano que j\u00e1 virou tradi\u00e7\u00e3o na Am\u00e9rica do Sul contou , nesta 16\u00aa edi\u00e7\u00e3o, com a participa\u00e7\u00e3o de 80 atletas de cinco pa\u00edses: Brasil, Equador, Chile, Col\u00f4mbia e Espanha.<\/p>\n<p>Depois das eliminat\u00f3rias do s\u00e1bado, 3, dez atletas foram para as semifinais. Gabriel Giovannini mostrou logo pela manh\u00e3 que iria dar trabalho aos advers\u00e1rios ao marcar o melhor tempo entre os cinco finalistas. Confirmou o favoritismo ao conquistar o menor tempo na final, mesmo com alguns problemas para enfrentar.<\/p>\n<p>\u201cLogo no come\u00e7o eu prendi os dois p\u00e9s, n\u00e3o consegui passar aquele trecho pedalando. A\u00ed j\u00e1 vieram mil coisas na cabe\u00e7a, pensei: \u201cJ\u00e1 era, n\u00e3o foi meu dia\u201d. Vim pedalando onde n\u00e3o dava. No fim, no \u00faltimo pulo, o pneu ainda saiu do aro, mas estava bem no finalzinho, deu para levar,\u201d contou o vencedor, que \u00e9 filho de Miguel Giovannini, que fez hist\u00f3ria ao vencer competi\u00e7\u00f5es do cross country e downhill na Elite e na M\u00e1ster, e foi campe\u00e3o brasileiro e pan-americano.<\/p>\n<p>Gabriel faz a sua hist\u00f3ria e come\u00e7ou 2018 com os \u00e2nimos renovados ap\u00f3s vencer a&nbsp;Copa Am\u00e9rica de Downhill 4X 2018, no Ski Mountain Park, em S\u00e3o Roque (SP), no final de janeiro. Agora, leva o t\u00edtulo das Escadarias de Santos para casa enquanto se prepara para novas manobras.<\/p>\n<p>Vale lembrar que \u00faltimo brasileiro a ganhar a prova tinha sido Wallace Miranda, em 2009. Nesta edi\u00e7\u00e3o, o piloto voltou e fez uma boa disputa, encerrando na 4\u00aa coloca\u00e7\u00e3o. Desde 2010 o polon\u00eas Filip Polc dominou a Descida e levou os t\u00edtulos em seis temporadas (2010, 2012, 2013, 2014, 2015 e 2016). O equatoriano Mario Jarrin (em 2011) e o espanhol Javier Raton Guijarro (em 2017) completam a lista, que agora volta a contar com um brasileiro.<\/p>\n<p><strong>Fonte: Bikemagazine<\/strong><\/p>\n","protected":false},"excerpt":{"rendered":"<p>Gabriel Giovannini, \u00e9 o campe\u00e3o da Descida das Escadas de Santos e quebra um longo jejum de vit\u00f3rias brasileiras na competi\u00e7\u00e3o. Desde 2009 um brasileiro n\u00e3o vencia a disputa, na Baixada Santista, cuja final foi disputada neste domingo, 4. O vencedor do circuito do Morro do Pacheco, que tem 514 degraus em uma pista de [&hellip;]<\/p>\n","protected":false},"author":96,"featured_media":93151,"comment_status":"closed","ping_status":"closed","sticky":false,"template":"","format":"standard","meta":{"footnotes":""},"categories":[257],"tags":[],"class_list":["post-93152","post","type-post","status-publish","format-standard","has-post-thumbnail","hentry","category-esporte"],"_links":{"self":[{"href":"https:\/\/diarioregionaldigital.com.br\/index.php?rest_route=\/wp\/v2\/posts\/93152","targetHints":{"allow":["GET"]}}],"collection":[{"href":"https:\/\/diarioregionaldigital.com.br\/index.php?rest_route=\/wp\/v2\/posts"}],"about":[{"href":"https:\/\/diarioregionaldigital.com.br\/index.php?rest_route=\/wp\/v2\/types\/post"}],"author":[{"embeddable":true,"href":"https:\/\/diarioregionaldigital.com.br\/index.php?rest_route=\/wp\/v2\/users\/96"}],"replies":[{"embeddable":true,"href":"https:\/\/diarioregionaldigital.com.br\/index.php?rest_route=%2Fwp%2Fv2%2Fcomments&post=93152"}],"version-history":[{"count":0,"href":"https:\/\/diarioregionaldigital.com.br\/index.php?rest_route=\/wp\/v2\/posts\/93152\/revisions"}],"wp:featuredmedia":[{"embeddable":true,"href":"https:\/\/diarioregionaldigital.com.br\/index.php?rest_route=\/wp\/v2\/media\/93151"}],"wp:attachment":[{"href":"https:\/\/diarioregionaldigital.com.br\/index.php?rest_route=%2Fwp%2Fv2%2Fmedia&parent=93152"}],"wp:term":[{"taxonomy":"category","embeddable":true,"href":"https:\/\/diarioregionaldigital.com.br\/index.php?rest_route=%2Fwp%2Fv2%2Fcategories&post=93152"},{"taxonomy":"post_tag","embeddable":true,"href":"https:\/\/diarioregionaldigital.com.br\/index.php?rest_route=%2Fwp%2Fv2%2Ftags&post=93152"}],"curies":[{"name":"wp","href":"https:\/\/api.w.org\/{rel}","templated":true}]}}