{"id":93148,"date":"2018-03-05T18:05:19","date_gmt":"2018-03-05T21:05:19","guid":{"rendered":"http:\/\/diarioregionaljf.com.br\/2018\/03\/05\/partido-alemao-spd-aprova-coalizao-com-legenda-de-angela-merkel\/"},"modified":"2018-03-05T18:05:19","modified_gmt":"2018-03-05T21:05:19","slug":"partido-alemao-spd-aprova-coalizao-com-legenda-de-angela-merkel","status":"publish","type":"post","link":"https:\/\/diarioregionaldigital.com.br\/?p=93148","title":{"rendered":"Partido alem\u00e3o SPD aprova coaliz\u00e3o com legenda de Angela Merkel"},"content":{"rendered":"<p>O Partido Social Democrata da Alemanha (SPD), segunda for\u00e7a pol\u00edtica do pa\u00eds, finalmente aprovou uma proposta de coaliz\u00e3o de governo com o partido da chanceler alem\u00e3 Angela Merkel, a Uni\u00e3o Democrata Crist\u00e3 (CDU), ap\u00f3s meses de negocia\u00e7\u00e3o, disse um funcion\u00e1rio do partido. A informa\u00e7\u00e3o \u00e9 da ag\u00eancia Xinhua.<\/p>\n<p>No referendo interno dos 463 mil membros do SPD nesse domingo, 4, mais de 66% votaram a favor do &#8220;sim&#8221;, com uma alta taxa de participa\u00e7\u00e3o de 78,39%, anunciou Dietmar Nietan, do SPD, em uma entrevista de imprensa na sede do partido.<\/p>\n<p>O l\u00edder interino do SPD, Olaf Scholz, disse que o partido voltou a se unir, acrescentando que informou a chanceler Merkel por telefone sobre o resultado. &#8220;Felicito o SPD por este claro resultado e espero continuar a cooperar em prol do nosso pa\u00eds&#8221;, disse a Uni\u00e3o Democrata Crist\u00e3 (CDU) em nome de Merkel ontem.&nbsp;<\/p>\n<p>O resultado acabou com o impasse pol\u00edtico de cinco meses e liberou caminho para a forma\u00e7\u00e3o do novo governo da Alemanha, ap\u00f3s as elei\u00e7\u00f5es federais de 24 de setembro, nas quais os dois blocos sofreram as piores vota\u00e7\u00f5es desde 1949.<\/p>\n<h4>L<\/h4>\n<h4>UZ VERDE<\/h4>\n<p>Com o sim do SPD, Merkel est\u00e1 preparada para ser eleita como nova chanceler na sess\u00e3o plen\u00e1ria de 14 de mar\u00e7o do Bundestag, o Parlamento Federal. Esta ser\u00e1 a terceira &#8220;Grande Coaliz\u00e3o&#8221; nos 13 anos de Merkel como chanceler alem\u00e3.<\/p>\n<p>A pol\u00edtica de &#8220;luz verde&#8221; do SPD ajudou as lideran\u00e7as alem\u00e3s a evitarem elei\u00e7\u00f5es antecipadas ou a forma\u00e7\u00e3o de um governo de minoria inst\u00e1vel. \u00c9 esperado que o novo arranjo pol\u00edtico torne o partido populista de extrema-direita Alternative fuer Deutschland (AfD) mais forte, j\u00e1 que a nova &#8220;Grande Coaliz\u00e3o&#8221; far\u00e1 do AfD o maior partido da oposi\u00e7\u00e3o no Bundestag.<\/p>\n<p>Fonte: Ag\u00eancia Brasil<\/p>\n","protected":false},"excerpt":{"rendered":"<p>O Partido Social Democrata da Alemanha (SPD), segunda for\u00e7a pol\u00edtica do pa\u00eds, finalmente aprovou uma proposta de coaliz\u00e3o de governo com o partido da chanceler alem\u00e3 Angela Merkel, a Uni\u00e3o Democrata Crist\u00e3 (CDU), ap\u00f3s meses de negocia\u00e7\u00e3o, disse um funcion\u00e1rio do partido. A informa\u00e7\u00e3o \u00e9 da ag\u00eancia Xinhua. No referendo interno dos 463 mil membros [&hellip;]<\/p>\n","protected":false},"author":96,"featured_media":93147,"comment_status":"closed","ping_status":"closed","sticky":false,"template":"","format":"standard","meta":{"footnotes":""},"categories":[302],"tags":[],"class_list":["post-93148","post","type-post","status-publish","format-standard","has-post-thumbnail","hentry","category-brasil-mundo"],"_links":{"self":[{"href":"https:\/\/diarioregionaldigital.com.br\/index.php?rest_route=\/wp\/v2\/posts\/93148","targetHints":{"allow":["GET"]}}],"collection":[{"href":"https:\/\/diarioregionaldigital.com.br\/index.php?rest_route=\/wp\/v2\/posts"}],"about":[{"href":"https:\/\/diarioregionaldigital.com.br\/index.php?rest_route=\/wp\/v2\/types\/post"}],"author":[{"embeddable":true,"href":"https:\/\/diarioregionaldigital.com.br\/index.php?rest_route=\/wp\/v2\/users\/96"}],"replies":[{"embeddable":true,"href":"https:\/\/diarioregionaldigital.com.br\/index.php?rest_route=%2Fwp%2Fv2%2Fcomments&post=93148"}],"version-history":[{"count":0,"href":"https:\/\/diarioregionaldigital.com.br\/index.php?rest_route=\/wp\/v2\/posts\/93148\/revisions"}],"wp:featuredmedia":[{"embeddable":true,"href":"https:\/\/diarioregionaldigital.com.br\/index.php?rest_route=\/wp\/v2\/media\/93147"}],"wp:attachment":[{"href":"https:\/\/diarioregionaldigital.com.br\/index.php?rest_route=%2Fwp%2Fv2%2Fmedia&parent=93148"}],"wp:term":[{"taxonomy":"category","embeddable":true,"href":"https:\/\/diarioregionaldigital.com.br\/index.php?rest_route=%2Fwp%2Fv2%2Fcategories&post=93148"},{"taxonomy":"post_tag","embeddable":true,"href":"https:\/\/diarioregionaldigital.com.br\/index.php?rest_route=%2Fwp%2Fv2%2Ftags&post=93148"}],"curies":[{"name":"wp","href":"https:\/\/api.w.org\/{rel}","templated":true}]}}