{"id":93136,"date":"2018-03-05T16:07:33","date_gmt":"2018-03-05T19:07:33","guid":{"rendered":"http:\/\/diarioregionaljf.com.br\/2018\/03\/05\/motorista-cai-de-barranco-de-100-metros-no-parque-das-aguas\/"},"modified":"2018-03-05T16:07:33","modified_gmt":"2018-03-05T19:07:33","slug":"motorista-cai-de-barranco-de-100-metros-no-parque-das-aguas","status":"publish","type":"post","link":"https:\/\/diarioregionaldigital.com.br\/?p=93136","title":{"rendered":"Motorista cai de barranco de 100 metros no Parque das \u00c1guas"},"content":{"rendered":"<p>Dois ve\u00edculos se envolveram em um acidente na manh\u00e3 desta segunda-feira, 5, no bairro Parque das \u00c1guas, localizado na zona Norte da cidade.<\/p>\n<p>De acordo com informa\u00e7\u00f5es do Corpo de Bombeiros, os carros, um da marca Celta e outro da marca Corsa seguiam pela Rua Agulhas Negras quando vieram a se chocar.<\/p>\n<p>O ve\u00edculo Corsa, cujo motorista era um homem de 39 anos, caiu de um barranco de aproximadamente 100 metros. O motorista do ve\u00edculo Celta fugiu do local do acidente.<\/p>\n<p>O Corpo de Bombeiros foi acionado e ao chegarem ao local encontraram o motorista j\u00e1 do lado de fora do ve\u00edculo. Ele explicou aos bombeiros que estava sem cinto de seguran\u00e7a no momento do acidente e que foi jogado para fora do carro assim que o mesmo come\u00e7ou a descer o barranco.<\/p>\n<p>A v\u00edtima foi atendida pelo Servi\u00e7o de atendimento M\u00f3vel de Urg\u00eancia (SAMU), sendo constatadas apenas escoria\u00e7\u00f5es.<\/p>\n<p>A Pol\u00edcia Militar (PM) esteve presente para registrar a ocorr\u00eancia.<\/p>\n<p>O ve\u00edculo Corsa continua no barranco a 100 metros de profundidade. Ele ser\u00e1 retirado por um guincho.<\/p>\n","protected":false},"excerpt":{"rendered":"<p>Dois ve\u00edculos se envolveram em um acidente na manh\u00e3 desta segunda-feira, 5, no bairro Parque das \u00c1guas, localizado na zona Norte da cidade. De acordo com informa\u00e7\u00f5es do Corpo de Bombeiros, os carros, um da marca Celta e outro da marca Corsa seguiam pela Rua Agulhas Negras quando vieram a se chocar. O ve\u00edculo Corsa, [&hellip;]<\/p>\n","protected":false},"author":96,"featured_media":93135,"comment_status":"closed","ping_status":"closed","sticky":false,"template":"","format":"standard","meta":{"footnotes":""},"categories":[253],"tags":[],"class_list":["post-93136","post","type-post","status-publish","format-standard","has-post-thumbnail","hentry","category-cidade"],"_links":{"self":[{"href":"https:\/\/diarioregionaldigital.com.br\/index.php?rest_route=\/wp\/v2\/posts\/93136","targetHints":{"allow":["GET"]}}],"collection":[{"href":"https:\/\/diarioregionaldigital.com.br\/index.php?rest_route=\/wp\/v2\/posts"}],"about":[{"href":"https:\/\/diarioregionaldigital.com.br\/index.php?rest_route=\/wp\/v2\/types\/post"}],"author":[{"embeddable":true,"href":"https:\/\/diarioregionaldigital.com.br\/index.php?rest_route=\/wp\/v2\/users\/96"}],"replies":[{"embeddable":true,"href":"https:\/\/diarioregionaldigital.com.br\/index.php?rest_route=%2Fwp%2Fv2%2Fcomments&post=93136"}],"version-history":[{"count":0,"href":"https:\/\/diarioregionaldigital.com.br\/index.php?rest_route=\/wp\/v2\/posts\/93136\/revisions"}],"wp:featuredmedia":[{"embeddable":true,"href":"https:\/\/diarioregionaldigital.com.br\/index.php?rest_route=\/wp\/v2\/media\/93135"}],"wp:attachment":[{"href":"https:\/\/diarioregionaldigital.com.br\/index.php?rest_route=%2Fwp%2Fv2%2Fmedia&parent=93136"}],"wp:term":[{"taxonomy":"category","embeddable":true,"href":"https:\/\/diarioregionaldigital.com.br\/index.php?rest_route=%2Fwp%2Fv2%2Fcategories&post=93136"},{"taxonomy":"post_tag","embeddable":true,"href":"https:\/\/diarioregionaldigital.com.br\/index.php?rest_route=%2Fwp%2Fv2%2Ftags&post=93136"}],"curies":[{"name":"wp","href":"https:\/\/api.w.org\/{rel}","templated":true}]}}