{"id":93134,"date":"2018-03-05T13:33:36","date_gmt":"2018-03-05T16:33:36","guid":{"rendered":"http:\/\/diarioregionaljf.com.br\/2018\/03\/05\/jovem-e-perseguido-agredido-e-assaltado-no-centro-da-cidade\/"},"modified":"2018-03-05T13:33:36","modified_gmt":"2018-03-05T16:33:36","slug":"jovem-e-perseguido-agredido-e-assaltado-no-centro-da-cidade","status":"publish","type":"post","link":"https:\/\/diarioregionaldigital.com.br\/?p=93134","title":{"rendered":"Jovem \u00e9 perseguido, agredido e assaltado no centro da cidade"},"content":{"rendered":"<p>Um jovem de 23 anos foi perseguido, agredido e assaltado na tarde deste domingo, 4, no centro da cidade.<\/p>\n<p>De acordo com o registro de ocorr\u00eancias da Pol\u00edcia Militar (PM), o jovem foi abordado por tr\u00eas indiv\u00edduos na Pra\u00e7a Jarbas de Lery Santos, que lhe pediram dinheiro. Ele negou a repassar qualquer quantia aos indiv\u00edduos, momento em que os mesmos come\u00e7aram a persegui-lo.<\/p>\n<p>Os autores, dois homens, de 27 e 30 anos, e uma mulher, de 42 anos, alcan\u00e7aram a v\u00edtima na Avenida Get\u00falio Vargas, o xingaram, agrediram com tapas no rosto, enquanto a mulher roubou sua mochila. Ap\u00f3s a a\u00e7\u00e3o o grupo fugiu.<\/p>\n<p>O sistema \u201cOlho Vivo\u201d conseguiu identificar os tr\u00eas autores mexendo na mochila roubada e dividindo entre eles os itens de seu interior. Nesse momento uma guarni\u00e7\u00e3o se deslocou at\u00e9 o local e os autores ao perceberem que seriam abordados, lan\u00e7aram a mochila ao solo.<\/p>\n<p>O autor de 27 anos foi abordado e com ele localizado dois cart\u00f5es de cr\u00e9dito, que posteriormente a v\u00edtima confirmou serem seus.<\/p>\n<p>A autora de 42 anos afirmou a pol\u00edcia que foi xingada pelo jovem de 23 anos e ainda alegou que quem roubou a mochila do jovem, foi o autor de 27 anos.<\/p>\n<p>Diante dos fatos, as partes envolvidas foram conduzidas juntamente com os materiais recuperados a presen\u00e7a da autoridade policial para as demais provid\u00eancias.<\/p>\n","protected":false},"excerpt":{"rendered":"<p>Um jovem de 23 anos foi perseguido, agredido e assaltado na tarde deste domingo, 4, no centro da cidade. De acordo com o registro de ocorr\u00eancias da Pol\u00edcia Militar (PM), o jovem foi abordado por tr\u00eas indiv\u00edduos na Pra\u00e7a Jarbas de Lery Santos, que lhe pediram dinheiro. Ele negou a repassar qualquer quantia aos indiv\u00edduos, [&hellip;]<\/p>\n","protected":false},"author":96,"featured_media":93133,"comment_status":"closed","ping_status":"closed","sticky":false,"template":"","format":"standard","meta":{"footnotes":""},"categories":[301],"tags":[],"class_list":["post-93134","post","type-post","status-publish","format-standard","has-post-thumbnail","hentry","category-artigos-policiais"],"_links":{"self":[{"href":"https:\/\/diarioregionaldigital.com.br\/index.php?rest_route=\/wp\/v2\/posts\/93134","targetHints":{"allow":["GET"]}}],"collection":[{"href":"https:\/\/diarioregionaldigital.com.br\/index.php?rest_route=\/wp\/v2\/posts"}],"about":[{"href":"https:\/\/diarioregionaldigital.com.br\/index.php?rest_route=\/wp\/v2\/types\/post"}],"author":[{"embeddable":true,"href":"https:\/\/diarioregionaldigital.com.br\/index.php?rest_route=\/wp\/v2\/users\/96"}],"replies":[{"embeddable":true,"href":"https:\/\/diarioregionaldigital.com.br\/index.php?rest_route=%2Fwp%2Fv2%2Fcomments&post=93134"}],"version-history":[{"count":0,"href":"https:\/\/diarioregionaldigital.com.br\/index.php?rest_route=\/wp\/v2\/posts\/93134\/revisions"}],"wp:featuredmedia":[{"embeddable":true,"href":"https:\/\/diarioregionaldigital.com.br\/index.php?rest_route=\/wp\/v2\/media\/93133"}],"wp:attachment":[{"href":"https:\/\/diarioregionaldigital.com.br\/index.php?rest_route=%2Fwp%2Fv2%2Fmedia&parent=93134"}],"wp:term":[{"taxonomy":"category","embeddable":true,"href":"https:\/\/diarioregionaldigital.com.br\/index.php?rest_route=%2Fwp%2Fv2%2Fcategories&post=93134"},{"taxonomy":"post_tag","embeddable":true,"href":"https:\/\/diarioregionaldigital.com.br\/index.php?rest_route=%2Fwp%2Fv2%2Ftags&post=93134"}],"curies":[{"name":"wp","href":"https:\/\/api.w.org\/{rel}","templated":true}]}}