{"id":93132,"date":"2018-03-05T13:05:24","date_gmt":"2018-03-05T16:05:24","guid":{"rendered":"http:\/\/diarioregionaljf.com.br\/2018\/03\/05\/policiais-ficam-feridos-durante-perseguicao-a-menor-envolvido-com-trafico-de-drogas-no-vila-ideal\/"},"modified":"2018-03-05T13:05:24","modified_gmt":"2018-03-05T16:05:24","slug":"policiais-ficam-feridos-durante-perseguicao-a-menor-envolvido-com-trafico-de-drogas-no-vila-ideal","status":"publish","type":"post","link":"https:\/\/diarioregionaldigital.com.br\/?p=93132","title":{"rendered":"Policiais ficam feridos durante persegui\u00e7\u00e3o a menor envolvido com tr\u00e1fico de drogas no Vila Ideal"},"content":{"rendered":"<p>Um menor, de 15 anos, foi apreendido por tr\u00e1fico de drogas neste domingo, 4, no bairro Vila Ideal, localizado, na zona Sudeste da cidade.<\/p>\n<p>De acordo com o registro de ocorr\u00eancias da Pol\u00edcia Militar (PM), ap\u00f3s receberem den\u00fancias an\u00f4nimas, uma guarni\u00e7\u00e3o se deslocou at\u00e9 um ponto na Avenida Francisco Valadares, momento em que o suspeito tirava uma sacola da calha de um telhado e ao perceber a aproxima\u00e7\u00e3o da viatura fugiu, deixando a sacola para tr\u00e1s.<\/p>\n<p>Os policiais seguiram at\u00e9 a sacola e ao abrir encontraram 77 buchas de maconha j\u00e1 embaladas.<\/p>\n<p>A PM iniciou rastreamentos pela regi\u00e3o, e localizaram o menor, que tentou mais uma vez fugir, mas foi parado por um militar. O menor resistiu \u00e0 abordagem, conseguiu se desvencilhar do policial e fugiu em dire\u00e7\u00e3o a um escad\u00e3o do local.<\/p>\n<p>Foi iniciada uma persegui\u00e7\u00e3o pelos escad\u00f5es do bairro, vindo o menor e os militares, sofrerem quedas devido \u00e0 irregularidade dos terrenos.<\/p>\n<p>O menor continuou a fugir e entrou em um terreno localizado na Rua Jo\u00e3o Luiz Alves, localizado no bairro Vila Ideal. Os policiais realizaram cerco ao terreno e com autoriza\u00e7\u00e3o da propriet\u00e1ria, entraram no local e encontraram o menor escondido em uma laje, atr\u00e1s de uma caixa d\u2019\u00e1gua. Ele tentou fugir novamente, mas desta vez foi imobilizado.<\/p>\n<p>Ao ser submetido a busca pessoal foi localizado no bolso da bermuda, duas buchas de substancia semelhante a maconha, sendo estas id\u00eanticas as encontradas no interior da sacola al\u00e9m da quantia de R$ 70,00.<\/p>\n<p>Tanto o menor quanto os policiais que realizaram a persegui\u00e7\u00e3o sofreram escoria\u00e7\u00f5es generalizadas. Um Cabo da PM sofreu uma tor\u00e7\u00e3o no tornozelo direito ocasionado por uma das quedas.<br \/>O menor apreendido relatou durante o atendimento m\u00e9dico que nada sofreu.<\/p>\n<p>Ap\u00f3s o ocorrido, todos os envolvidos foram assistidos no Hospital de Pronto Socorro (HPS).<\/p>\n<p>Ao final foram contabilizadas 75 buchas de maconha. Menor apreendido foi acompanhado na delegacia pelo irm\u00e3o.<\/p>\n<p>Ao consultar os registros do adolescente, a PM verificou que h\u00e1 em seu nome, seis registros de ocorr\u00eancia de tr\u00e1ficos de drogas, sendo quatro deles registrados no m\u00eas de janeiro deste ano.<\/p>\n<p>Denuncias deram conta ainda que o adolescente apreendido realiza diuturnamente o trafico de drogas no bairro.<\/p>\n","protected":false},"excerpt":{"rendered":"<p>Um menor, de 15 anos, foi apreendido por tr\u00e1fico de drogas neste domingo, 4, no bairro Vila Ideal, localizado, na zona Sudeste da cidade. De acordo com o registro de ocorr\u00eancias da Pol\u00edcia Militar (PM), ap\u00f3s receberem den\u00fancias an\u00f4nimas, uma guarni\u00e7\u00e3o se deslocou at\u00e9 um ponto na Avenida Francisco Valadares, momento em que o suspeito [&hellip;]<\/p>\n","protected":false},"author":96,"featured_media":93131,"comment_status":"closed","ping_status":"closed","sticky":false,"template":"","format":"standard","meta":{"footnotes":""},"categories":[301],"tags":[],"class_list":["post-93132","post","type-post","status-publish","format-standard","has-post-thumbnail","hentry","category-artigos-policiais"],"_links":{"self":[{"href":"https:\/\/diarioregionaldigital.com.br\/index.php?rest_route=\/wp\/v2\/posts\/93132","targetHints":{"allow":["GET"]}}],"collection":[{"href":"https:\/\/diarioregionaldigital.com.br\/index.php?rest_route=\/wp\/v2\/posts"}],"about":[{"href":"https:\/\/diarioregionaldigital.com.br\/index.php?rest_route=\/wp\/v2\/types\/post"}],"author":[{"embeddable":true,"href":"https:\/\/diarioregionaldigital.com.br\/index.php?rest_route=\/wp\/v2\/users\/96"}],"replies":[{"embeddable":true,"href":"https:\/\/diarioregionaldigital.com.br\/index.php?rest_route=%2Fwp%2Fv2%2Fcomments&post=93132"}],"version-history":[{"count":0,"href":"https:\/\/diarioregionaldigital.com.br\/index.php?rest_route=\/wp\/v2\/posts\/93132\/revisions"}],"wp:featuredmedia":[{"embeddable":true,"href":"https:\/\/diarioregionaldigital.com.br\/index.php?rest_route=\/wp\/v2\/media\/93131"}],"wp:attachment":[{"href":"https:\/\/diarioregionaldigital.com.br\/index.php?rest_route=%2Fwp%2Fv2%2Fmedia&parent=93132"}],"wp:term":[{"taxonomy":"category","embeddable":true,"href":"https:\/\/diarioregionaldigital.com.br\/index.php?rest_route=%2Fwp%2Fv2%2Fcategories&post=93132"},{"taxonomy":"post_tag","embeddable":true,"href":"https:\/\/diarioregionaldigital.com.br\/index.php?rest_route=%2Fwp%2Fv2%2Ftags&post=93132"}],"curies":[{"name":"wp","href":"https:\/\/api.w.org\/{rel}","templated":true}]}}