{"id":93130,"date":"2018-03-05T12:36:49","date_gmt":"2018-03-05T15:36:49","guid":{"rendered":"http:\/\/diarioregionaljf.com.br\/2018\/03\/05\/comissao-apura-denuncias-de-irregularidades-em-pedidos-de-ingresso-por-cotas-na-ufjf\/"},"modified":"2018-03-05T12:36:49","modified_gmt":"2018-03-05T15:36:49","slug":"comissao-apura-denuncias-de-irregularidades-em-pedidos-de-ingresso-por-cotas-na-ufjf","status":"publish","type":"post","link":"https:\/\/diarioregionaldigital.com.br\/?p=93130","title":{"rendered":"Comiss\u00e3o apura den\u00fancias de irregularidades em pedidos de ingresso por cotas na UFJF"},"content":{"rendered":"<p>Foi institu\u00edda na \u00faltima sexta-feira, 2 de mar\u00e7o, a comiss\u00e3o de sindic\u00e2ncia destinada a apurar den\u00fancias de irregularidades no ingresso por cotas por meio do Sistema de Sele\u00e7\u00e3o Unificada (Sisu) e do Programa de Ingresso Seletivo Misto (Pism) no ano de 2018. A comiss\u00e3o vai avaliar se estudantes matriculados neste ano, denunciados por meio da Ouvidoria Geral ou da Ouvidoria Especializada, cumprem os crit\u00e9rios para o ingresso por meio de reserva de vagas.<\/p>\n<p>A comiss\u00e3o foi institu\u00edda pela Portaria 307\/2018, assinada pelo reitor Marcus David. O grupo tem prazo de 30 dias para avaliar as den\u00fancias e \u00e9 formado por cinco membros: tr\u00eas docentes e dois t\u00e9cnicos-administrativos.<\/p>\n<p>Os calouros da UFJF que n\u00e3o cumprirem os crit\u00e9rios para fazer jus \u00e0 reserva de vagas sofrem san\u00e7\u00e3o conforme o Regulamento de Matr\u00edcula que diz o seguinte: \u201cA presta\u00e7\u00e3o de informa\u00e7\u00e3o falsa pelo candidato, apurada posteriormente \u00e0 matr\u00edcula, em procedimento que lhe assegure o contradit\u00f3rio e a ampla defesa, ensejar\u00e1 o cancelamento de sua matr\u00edcula, sem preju\u00edzo das san\u00e7\u00f5es penais eventualmente cab\u00edveis, conforme disposto no Artigo 9\u00ba da Portaria Normativa n\u00ba18, de 11 de outubro de 2012.\u201d<\/p>\n<p>Veteranos irregulares quanto aos mesmos crit\u00e9rios est\u00e3o sujeitos a sofrer san\u00e7\u00e3o conforme o Artigo 70 do Regimento Geral da UFJF, que diz o seguinte: \u201cOs alunos regulares da Universidade est\u00e3o sujeitos \u00e0s seguintes san\u00e7\u00f5es disciplinares: a) advert\u00eancia escrita, em particular, registrada em livro pr\u00f3prio, n\u00e3o aplic\u00e1vel em caso de reincid\u00eancia; b) repreens\u00e3o, por escrito e anotada na pasta do discente; c) suspens\u00e3o, implicando o afastamento do aluno de todas as atividades universit\u00e1rias por um per\u00edodo n\u00e3o inferior a tr\u00eas, nem superior a noventa dias; d) desligamento, precedido de processo disciplinar, conduzido por comiss\u00e3o composta por dois docentes e um discente, designados pelo Diretor, por indica\u00e7\u00e3o do Conselho da Unidade.\u201d<\/p>\n<p>Fonte: Assessoria \/ UFJF<\/p>\n","protected":false},"excerpt":{"rendered":"<p>Foi institu\u00edda na \u00faltima sexta-feira, 2 de mar\u00e7o, a comiss\u00e3o de sindic\u00e2ncia destinada a apurar den\u00fancias de irregularidades no ingresso por cotas por meio do Sistema de Sele\u00e7\u00e3o Unificada (Sisu) e do Programa de Ingresso Seletivo Misto (Pism) no ano de 2018. A comiss\u00e3o vai avaliar se estudantes matriculados neste ano, denunciados por meio da [&hellip;]<\/p>\n","protected":false},"author":96,"featured_media":93129,"comment_status":"closed","ping_status":"closed","sticky":false,"template":"","format":"standard","meta":{"footnotes":""},"categories":[253],"tags":[],"class_list":["post-93130","post","type-post","status-publish","format-standard","has-post-thumbnail","hentry","category-cidade"],"_links":{"self":[{"href":"https:\/\/diarioregionaldigital.com.br\/index.php?rest_route=\/wp\/v2\/posts\/93130","targetHints":{"allow":["GET"]}}],"collection":[{"href":"https:\/\/diarioregionaldigital.com.br\/index.php?rest_route=\/wp\/v2\/posts"}],"about":[{"href":"https:\/\/diarioregionaldigital.com.br\/index.php?rest_route=\/wp\/v2\/types\/post"}],"author":[{"embeddable":true,"href":"https:\/\/diarioregionaldigital.com.br\/index.php?rest_route=\/wp\/v2\/users\/96"}],"replies":[{"embeddable":true,"href":"https:\/\/diarioregionaldigital.com.br\/index.php?rest_route=%2Fwp%2Fv2%2Fcomments&post=93130"}],"version-history":[{"count":0,"href":"https:\/\/diarioregionaldigital.com.br\/index.php?rest_route=\/wp\/v2\/posts\/93130\/revisions"}],"wp:featuredmedia":[{"embeddable":true,"href":"https:\/\/diarioregionaldigital.com.br\/index.php?rest_route=\/wp\/v2\/media\/93129"}],"wp:attachment":[{"href":"https:\/\/diarioregionaldigital.com.br\/index.php?rest_route=%2Fwp%2Fv2%2Fmedia&parent=93130"}],"wp:term":[{"taxonomy":"category","embeddable":true,"href":"https:\/\/diarioregionaldigital.com.br\/index.php?rest_route=%2Fwp%2Fv2%2Fcategories&post=93130"},{"taxonomy":"post_tag","embeddable":true,"href":"https:\/\/diarioregionaldigital.com.br\/index.php?rest_route=%2Fwp%2Fv2%2Ftags&post=93130"}],"curies":[{"name":"wp","href":"https:\/\/api.w.org\/{rel}","templated":true}]}}