{"id":93128,"date":"2018-03-05T12:27:51","date_gmt":"2018-03-05T15:27:51","guid":{"rendered":"http:\/\/diarioregionaljf.com.br\/2018\/03\/05\/20-mil-estudantes-da-ufjf-voltam-as-aulas-nesta-segunda\/"},"modified":"2018-03-05T12:27:51","modified_gmt":"2018-03-05T15:27:51","slug":"20-mil-estudantes-da-ufjf-voltam-as-aulas-nesta-segunda","status":"publish","type":"post","link":"https:\/\/diarioregionaldigital.com.br\/?p=93128","title":{"rendered":"20 mil estudantes da UFJF voltam \u00e0s aulas nesta segunda"},"content":{"rendered":"<p>Cerca de 20 mil alunos da gradua\u00e7\u00e3o e p\u00f3s-gradua\u00e7\u00e3o iniciam as aulas nos campi da Universidade Federal de Juiz de Fora (UFJF) nesta segunda-feira, 5. A institui\u00e7\u00e3o espera receber neste primeiro semestre letivo 2.757 calouros, sendo 2.317 em Juiz de Fora e 440 em Governador Valadares. Para as boas-vindas, h\u00e1 uma programa\u00e7\u00e3o com bate-papos e apresenta\u00e7\u00e3o cultural, em homenagem tamb\u00e9m ao Dia Internacional da Mulher.<\/p>\n<p>O evento de recep\u00e7\u00e3o aos calouros ser\u00e1 na ter\u00e7a-feira, 6, na Pra\u00e7a C\u00edvica da UFJF. A programa\u00e7\u00e3o come\u00e7a \u00e0s 17h com a presen\u00e7a do reitor, da equipe da administra\u00e7\u00e3o superior e diretores acad\u00eamicos.<\/p>\n<p>Para quebrar o gelo e ajudar os calouros com informa\u00e7\u00f5es, haver\u00e1 um bate-papo com a drag queen Femmenino para tirar d\u00favidas gerais sobre a UFJF, \u00e0s 17h30. Em seguida, das 18h \u00e0s 19h, os estudantes poder\u00e3o curtir a apresenta\u00e7\u00e3o cultural em homenagem ao Dia Internacional da Mulher, comemorado no dia 8 de mar\u00e7o, com o grupo Ingoma. Durante a programa\u00e7\u00e3o de recep\u00e7\u00e3o, ser\u00e3o distribu\u00eddas canecas da UFJF para uso no Restaurante Universit\u00e1rio.<\/p>\n<p>Aprovada para a Faculdade de Medicina, Ana Isis Silva Mendon\u00e7a, v\u00ea na nova trajet\u00f3ria uma oportunidade para realizar seus sonhos. \u201cSempre idealizei ter contato com a \u00e1rea de pesquisas, laborat\u00f3rios e a contribuir como bem estar das pessoas de alguma forma, tanto durante a gradua\u00e7\u00e3o, quanto depois de formada. Encontrei na Medicina essa possibilidade.\u201d Al\u00e9m disso, ela conta que a escolha pela UFJF se deu pelas \u201cpossibilidades que a institui\u00e7\u00e3o oferece, como laborat\u00f3rios, equipes de esportes, qualidade de ensino e contato com pessoas de diferentes regi\u00f5es do pa\u00eds\u201d.<\/p>\n<p><span style=\"font-size: 18pt;\">Apoio estudantil<\/span><\/p>\n<p>A Pr\u00f3-reitoria de Apoio Estudantil e Educa\u00e7\u00e3o Inclusiva (Proae\/UFJF) tamb\u00e9m far\u00e1 alguns encontros de boas-vindas, aproveitando o contato com os estudantes para explicar sobre os programas, bolsas e grupos de apoio estudantil. Eles percorrer\u00e3o os institutos a partir do dia 12 de mar\u00e7o. As informa\u00e7\u00f5es sobre os eventos ser\u00e3o publicadas em breve.<\/p>\n<p>O programa de apoio estudantil disp\u00f5e de aux\u00edlios para moradia, transporte, alimenta\u00e7\u00e3o, creche e duas modalidades de bolsas no valor de R$ 400 mensais. Confira aqui como s\u00e3o as modalidades oferecidas e como funciona o processo para inscri\u00e7\u00e3o.<\/p>\n<p>Dos 16.599 alunos de gradua\u00e7\u00e3o matriculados na UFJF, 8.235 n\u00e3o s\u00e3o naturais de Juiz de Fora. Para atender a essa realidade, al\u00e9m dos aux\u00edlios, a Universidade tamb\u00e9m conta com dois edif\u00edcios de alojamentos localizados logo ao lado do campus, no bairro S\u00e3o Pedro. De acordo com o pr\u00f3-reitor Marcos Freitas, o edital de 2018 estar\u00e1 dispon\u00edvel na segunda quinzena de mar\u00e7o.<\/p>\n<p><span style=\"font-size: 18pt;\">Trote \u00e9 proibido<\/span><\/p>\n<p>Com todo in\u00edcio de semestre, surgem as brincadeiras (de mau gosto) mais conhecidas como trote. A UFJF pro\u00edbe todas as formas de coa\u00e7\u00e3o, ofensa, exposi\u00e7\u00e3o e agress\u00e3o aos calouros dentro do campus. Nenhuma pessoa pode ser obrigada a participar de atividades desta natureza. Conforme Regimento Geral da UFJF, os discentes respons\u00e1veis por pr\u00e1ticas consideradas abusivas dentro do campus est\u00e3o sujeitos a advert\u00eancia, suspens\u00e3o e at\u00e9 desligamento da Universidade. Quem se sentir coagido, agredido ou lesado pode denunciar o fato \u00e0 Central de Atendimento e \u00e0 Ouvidoria da UFJF, que funcionam no pr\u00e9dio da Reitoria. As queixas s\u00e3o mantidas no anonimato.<\/p>\n<p>A proibi\u00e7\u00e3o do trote tamb\u00e9m encontra respaldo na legisla\u00e7\u00e3o. Em Juiz de Fora, a Lei Municipal N\u00ba 13.028 disp\u00f5e sobre a veda\u00e7\u00e3o da realiza\u00e7\u00e3o da pr\u00e1tica em vias e logradouros p\u00fablicos da cidade e prev\u00ea multa aos respons\u00e1veis pelo trote e ao respectivo diret\u00f3rio acad\u00eamico. J\u00e1 o artigo 146 do C\u00f3digo Penal Brasileiro considera crime a pr\u00e1tica de constrangimento obrigat\u00f3rio, com pena de deten\u00e7\u00e3o de tr\u00eas meses a um ano, ou multa.<\/p>\n<p>Fonte: Assessoria \/ UFJF<\/p>\n","protected":false},"excerpt":{"rendered":"<p>Cerca de 20 mil alunos da gradua\u00e7\u00e3o e p\u00f3s-gradua\u00e7\u00e3o iniciam as aulas nos campi da Universidade Federal de Juiz de Fora (UFJF) nesta segunda-feira, 5. A institui\u00e7\u00e3o espera receber neste primeiro semestre letivo 2.757 calouros, sendo 2.317 em Juiz de Fora e 440 em Governador Valadares. Para as boas-vindas, h\u00e1 uma programa\u00e7\u00e3o com bate-papos e [&hellip;]<\/p>\n","protected":false},"author":96,"featured_media":93127,"comment_status":"closed","ping_status":"closed","sticky":false,"template":"","format":"standard","meta":{"footnotes":""},"categories":[253],"tags":[],"class_list":["post-93128","post","type-post","status-publish","format-standard","has-post-thumbnail","hentry","category-cidade"],"_links":{"self":[{"href":"https:\/\/diarioregionaldigital.com.br\/index.php?rest_route=\/wp\/v2\/posts\/93128","targetHints":{"allow":["GET"]}}],"collection":[{"href":"https:\/\/diarioregionaldigital.com.br\/index.php?rest_route=\/wp\/v2\/posts"}],"about":[{"href":"https:\/\/diarioregionaldigital.com.br\/index.php?rest_route=\/wp\/v2\/types\/post"}],"author":[{"embeddable":true,"href":"https:\/\/diarioregionaldigital.com.br\/index.php?rest_route=\/wp\/v2\/users\/96"}],"replies":[{"embeddable":true,"href":"https:\/\/diarioregionaldigital.com.br\/index.php?rest_route=%2Fwp%2Fv2%2Fcomments&post=93128"}],"version-history":[{"count":0,"href":"https:\/\/diarioregionaldigital.com.br\/index.php?rest_route=\/wp\/v2\/posts\/93128\/revisions"}],"wp:featuredmedia":[{"embeddable":true,"href":"https:\/\/diarioregionaldigital.com.br\/index.php?rest_route=\/wp\/v2\/media\/93127"}],"wp:attachment":[{"href":"https:\/\/diarioregionaldigital.com.br\/index.php?rest_route=%2Fwp%2Fv2%2Fmedia&parent=93128"}],"wp:term":[{"taxonomy":"category","embeddable":true,"href":"https:\/\/diarioregionaldigital.com.br\/index.php?rest_route=%2Fwp%2Fv2%2Fcategories&post=93128"},{"taxonomy":"post_tag","embeddable":true,"href":"https:\/\/diarioregionaldigital.com.br\/index.php?rest_route=%2Fwp%2Fv2%2Ftags&post=93128"}],"curies":[{"name":"wp","href":"https:\/\/api.w.org\/{rel}","templated":true}]}}