{"id":93122,"date":"2018-03-05T12:00:53","date_gmt":"2018-03-05T15:00:53","guid":{"rendered":"http:\/\/diarioregionaljf.com.br\/2018\/03\/05\/base-nacional-comum-curricular-tem-nesta-terca-dia-d-de-discussao\/"},"modified":"2018-03-05T12:00:53","modified_gmt":"2018-03-05T15:00:53","slug":"base-nacional-comum-curricular-tem-nesta-terca-dia-d-de-discussao","status":"publish","type":"post","link":"https:\/\/diarioregionaldigital.com.br\/?p=93122","title":{"rendered":"Base Nacional Comum Curricular tem nesta ter\u00e7a Dia D de Discuss\u00e3o"},"content":{"rendered":"<p>Na pr\u00f3xima ter\u00e7a-feira, 6, ser\u00e3o realizadas diversas a\u00e7\u00f5es voltadas para uma mobiliza\u00e7\u00e3o nacional em torno da Base Nacional Comum Curricular (BNCC) da educa\u00e7\u00e3o infantil e do ensino fundamental.<\/p>\n<p>Nessa data, que ser\u00e1 marcada como o Dia D de Discuss\u00e3o da BNCC, o Minist\u00e9rio da Educa\u00e7\u00e3o (MEC), o Conselho Nacional de Secret\u00e1rios de Educa\u00e7\u00e3o (Consed) e a Uni\u00e3o Nacional de Dirigentes Municipais de Educa\u00e7\u00e3o (Undime) v\u00e3o promover discuss\u00f5es em diversas localidades explicando a estrutura e as compet\u00eancias do texto.<\/p>\n<p>V\u00e3o participar do Dia D de Discuss\u00e3o da BNCC secretarias estaduais e municipais de educa\u00e7\u00e3o, escolas e professores. Entre as atividades previstas est\u00e3o apresenta\u00e7\u00f5es informativas e din\u00e2micas, visando ao engajamento dos profissionais da educa\u00e7\u00e3o no processo de concretiza\u00e7\u00e3o do curr\u00edculo comum.<\/p>\n<p>A Base Nacional Comum Curricular foi homologada em 20 de dezembro do ano passado. O documento, que apresenta os conhecimentos, compet\u00eancias e habilidades considerados essenciais no processo de aprendizado dos estudantes brasileiros ao longo da educa\u00e7\u00e3o b\u00e1sica e servir\u00e1 como refer\u00eancia para a formula\u00e7\u00e3o dos curr\u00edculos dos sistemas e das redes escolares estaduais e municipais, foi cercado de pol\u00eamicas durante todo o ano.<\/p>\n<p>O documento que j\u00e1 est\u00e1 em vigor trata apenas das diretrizes para os curr\u00edculos das escolas de educa\u00e7\u00e3o infantil e ensino fundamental. A base para o ensino m\u00e9dio dever\u00e1 ser enviada pelo Minist\u00e9rio da Educa\u00e7\u00e3o ao Conselho Nacional de Educa\u00e7\u00e3o at\u00e9 o fim de mar\u00e7o.<\/p>\n<p>Fonte: Ag\u00eancia Brasil<\/p>\n","protected":false},"excerpt":{"rendered":"<p>Na pr\u00f3xima ter\u00e7a-feira, 6, ser\u00e3o realizadas diversas a\u00e7\u00f5es voltadas para uma mobiliza\u00e7\u00e3o nacional em torno da Base Nacional Comum Curricular (BNCC) da educa\u00e7\u00e3o infantil e do ensino fundamental. Nessa data, que ser\u00e1 marcada como o Dia D de Discuss\u00e3o da BNCC, o Minist\u00e9rio da Educa\u00e7\u00e3o (MEC), o Conselho Nacional de Secret\u00e1rios de Educa\u00e7\u00e3o (Consed) e [&hellip;]<\/p>\n","protected":false},"author":96,"featured_media":93121,"comment_status":"closed","ping_status":"closed","sticky":false,"template":"","format":"standard","meta":{"footnotes":""},"categories":[254],"tags":[],"class_list":["post-93122","post","type-post","status-publish","format-standard","has-post-thumbnail","hentry","category-politica"],"_links":{"self":[{"href":"https:\/\/diarioregionaldigital.com.br\/index.php?rest_route=\/wp\/v2\/posts\/93122","targetHints":{"allow":["GET"]}}],"collection":[{"href":"https:\/\/diarioregionaldigital.com.br\/index.php?rest_route=\/wp\/v2\/posts"}],"about":[{"href":"https:\/\/diarioregionaldigital.com.br\/index.php?rest_route=\/wp\/v2\/types\/post"}],"author":[{"embeddable":true,"href":"https:\/\/diarioregionaldigital.com.br\/index.php?rest_route=\/wp\/v2\/users\/96"}],"replies":[{"embeddable":true,"href":"https:\/\/diarioregionaldigital.com.br\/index.php?rest_route=%2Fwp%2Fv2%2Fcomments&post=93122"}],"version-history":[{"count":0,"href":"https:\/\/diarioregionaldigital.com.br\/index.php?rest_route=\/wp\/v2\/posts\/93122\/revisions"}],"wp:featuredmedia":[{"embeddable":true,"href":"https:\/\/diarioregionaldigital.com.br\/index.php?rest_route=\/wp\/v2\/media\/93121"}],"wp:attachment":[{"href":"https:\/\/diarioregionaldigital.com.br\/index.php?rest_route=%2Fwp%2Fv2%2Fmedia&parent=93122"}],"wp:term":[{"taxonomy":"category","embeddable":true,"href":"https:\/\/diarioregionaldigital.com.br\/index.php?rest_route=%2Fwp%2Fv2%2Fcategories&post=93122"},{"taxonomy":"post_tag","embeddable":true,"href":"https:\/\/diarioregionaldigital.com.br\/index.php?rest_route=%2Fwp%2Fv2%2Ftags&post=93122"}],"curies":[{"name":"wp","href":"https:\/\/api.w.org\/{rel}","templated":true}]}}