{"id":93113,"date":"2018-03-03T19:23:07","date_gmt":"2018-03-03T22:23:07","guid":{"rendered":"http:\/\/diarioregionaljf.com.br\/2018\/03\/03\/na-pauta-5\/"},"modified":"2018-03-03T19:23:07","modified_gmt":"2018-03-03T22:23:07","slug":"na-pauta-5","status":"publish","type":"post","link":"https:\/\/diarioregionaldigital.com.br\/?p=93113","title":{"rendered":"Na Pauta"},"content":{"rendered":"<p style=\"text-align: center;\"><span class=\"h4\">Rocket Pub<\/span><br \/>Celeiro de gente bonita, o Rocket Pub est\u00e1 de volta. A noite de abertura ser\u00e1 dia 7 de mar\u00e7o, com a festa Selvagem. A temporada 2018 recebe o nome de \u201cViva o novo outra vez\u201d. Ser\u00e3o eventos diversos sem nunca deixar cair na rotina. O ambiente para a tripula\u00e7\u00e3o de todas as tribos fica na Av. Itamar Franco, 2340, em S\u00e3o Mateus. Pode espalhar, pois eles est\u00e3o de volta!<\/p>\n<p style=\"text-align: center;\"><span class=\"h4\">In Memorian<\/span><br \/>Para alegria dos juiz-foranos, o Clube de Engenharia do Rio de Janeiro vai prestar uma homenagem p\u00f3stuma ao ex-presidente Itamar Franco e ao Instituto Itamar Franco, presidido por Marcello Siqueira. O conselheiro Djalma Morais vai representar o instituto.<\/p>\n<p style=\"text-align: center;\"><span class=\"h4\">R\u00e1<\/span><br \/>Com seus cabelos hiper-coloridos, Baby Consuelo (Brasil) ser\u00e1 a grande atra\u00e7\u00e3o da festa de 20 anos do Cultural, no dia 16 de mar\u00e7o. Ela vai apresentar o show \u201cBaby do Brasil Experience\u201d, que apresenta sucessos de sua carreira como \u201cSem Pecado e Sem Ju\u00edzo\u201d, \u201cC\u00f3smica\u201d e \u201cTel\u00farica\u201d.<\/p>\n<p style=\"text-align: center;\"><span class=\"h4\">Portabilidades<\/span><br \/>O governo decidiu permitir que brasileiros recebam sal\u00e1rios em institui\u00e7\u00f5es n\u00e3o banc\u00e1rias. O Conselho Monet\u00e1rio Nacional (CMN) aprovou ontem uma resolu\u00e7\u00e3o que autoriza o trabalhador a fazer a portabilidade do seu sal\u00e1rio para institui\u00e7\u00f5es de pagamentos. E assim est\u00e1 sendo noticiado, com in\u00edcio em 1\u00ba de julho.<\/p>\n<p style=\"text-align: center;\"><span class=\"h4\">Ainda Carnaval<\/span><br \/>No andar da carruagem, a Para\u00edso do Tuiuti perdeu sua comiss\u00e3o de frente vencedora do Estandarte de Ouro. O core\u00f3grafo Patrick Carvalho acertou com a Vila Isabel. Segundo ele \u201cFoi uma proposta irrecus\u00e1vel\u201d. A Unidos da Tijuca que pretendia ele, ficou na m\u00e3o.<\/p>\n<p style=\"text-align: center;\"><span class=\"h4\">Not\u00edcia Boa<\/span><br \/>Em boa hora, o presidente da Federa\u00e7\u00e3o das Apaes de Minas, Jarbas Feldner e o ex Eduardo Barbosa inauguraram o Centro Dia da Unidade de Juiz de Fora. A solenidade foi muito prestigiada.<\/p>\n<p style=\"text-align: center;\"><span class=\"h4\">Na Pauta<\/span><br \/>Gabriel Dias, eleito em 2017 o melhor \u2018personal trainer\u2019 do Brasil, est\u00e1 com tudo e n\u00e3o est\u00e1 prosa. Ele far\u00e1 especial palestra, no Tau\u00e1 Resort Caet\u00e9, sobre como gerenciar sua carreira.<\/p>\n<p style=\"text-align: center;\"><img decoding=\"async\" class=\" size-full wp-image-93104\" src=\"http:\/\/diarioregionaljf.com.br\/wp-content\/uploads\/2018\/03\/diario-int-24729-1.jpg\" alt=\"fotoaa.jpg\" width=\"680\" style=\"display: block; margin-left: auto; margin-right: auto;\" srcset=\"https:\/\/diarioregionaldigital.com.br\/wp-content\/uploads\/2018\/03\/diario-int-24729-1.jpg 680w, https:\/\/diarioregionaldigital.com.br\/wp-content\/uploads\/2018\/03\/diario-int-24729-1-300x199.jpg 300w, https:\/\/diarioregionaldigital.com.br\/wp-content\/uploads\/2018\/03\/diario-int-24729-1-360x238.jpg 360w\" sizes=\"(max-width: 680px) 100vw, 680px\" \/>Merecidamente o vice-prefeito Dr. Antonio Almas foi homenageado com o T\u00edtulo de Cidad\u00e3o Benem\u00e9rito de Juiz de Fora em decreto de lei do vereador Marlon Siqueira<\/p>\n<p style=\"text-align: center;\"><img decoding=\"async\" class=\" size-full wp-image-93105\" src=\"http:\/\/diarioregionaljf.com.br\/wp-content\/uploads\/2018\/03\/diario-int-24729-2.jpg\" alt=\"fotoa.jpg\" width=\"680\" style=\"display: block; margin-left: auto; margin-right: auto;\" srcset=\"https:\/\/diarioregionaldigital.com.br\/wp-content\/uploads\/2018\/03\/diario-int-24729-2.jpg 680w, https:\/\/diarioregionaldigital.com.br\/wp-content\/uploads\/2018\/03\/diario-int-24729-2-266x300.jpg 266w, https:\/\/diarioregionaldigital.com.br\/wp-content\/uploads\/2018\/03\/diario-int-24729-2-360x407.jpg 360w\" sizes=\"(max-width: 680px) 100vw, 680px\" \/>Esperando o inverno chegar, a capotante e bela Priscila Bonsanto<\/p>\n<p style=\"text-align: center;\"><img decoding=\"async\" class=\" size-full wp-image-93106\" src=\"http:\/\/diarioregionaljf.com.br\/wp-content\/uploads\/2018\/03\/diario-int-24729-3.jpg\" alt=\"fotob.jpg\" width=\"680\" style=\"display: block; margin-left: auto; margin-right: auto;\" srcset=\"https:\/\/diarioregionaldigital.com.br\/wp-content\/uploads\/2018\/03\/diario-int-24729-3.jpg 680w, https:\/\/diarioregionaldigital.com.br\/wp-content\/uploads\/2018\/03\/diario-int-24729-3-300x243.jpg 300w, https:\/\/diarioregionaldigital.com.br\/wp-content\/uploads\/2018\/03\/diario-int-24729-3-360x291.jpg 360w\" sizes=\"(max-width: 680px) 100vw, 680px\" \/>Fazendo social chique, a elegante Mary Aguiar de Castro e o filho Andr\u00e9 Castro<\/p>\n<p style=\"text-align: center;\"><img decoding=\"async\" class=\" size-full wp-image-93107\" src=\"http:\/\/diarioregionaljf.com.br\/wp-content\/uploads\/2018\/03\/diario-int-24729-4.jpg\" alt=\"fotobb.jpg\" width=\"680\" style=\"display: block; margin-left: auto; margin-right: auto;\" srcset=\"https:\/\/diarioregionaldigital.com.br\/wp-content\/uploads\/2018\/03\/diario-int-24729-4.jpg 680w, https:\/\/diarioregionaldigital.com.br\/wp-content\/uploads\/2018\/03\/diario-int-24729-4-300x199.jpg 300w, https:\/\/diarioregionaldigital.com.br\/wp-content\/uploads\/2018\/03\/diario-int-24729-4-360x238.jpg 360w\" sizes=\"(max-width: 680px) 100vw, 680px\" \/>Na Franburgueria Artesanal em Santa Terezinha fazendo pit-stop, Nayane Neto, Eduardo Gomes e Nayara Neto<\/p>\n<p style=\"text-align: center;\"><img decoding=\"async\" class=\" size-full wp-image-93108\" src=\"http:\/\/diarioregionaljf.com.br\/wp-content\/uploads\/2018\/03\/diario-int-24729-5.jpg\" alt=\"fotod.jpg\" width=\"680\" style=\"display: block; margin-left: auto; margin-right: auto;\" srcset=\"https:\/\/diarioregionaldigital.com.br\/wp-content\/uploads\/2018\/03\/diario-int-24729-5.jpg 680w, https:\/\/diarioregionaldigital.com.br\/wp-content\/uploads\/2018\/03\/diario-int-24729-5-300x199.jpg 300w, https:\/\/diarioregionaldigital.com.br\/wp-content\/uploads\/2018\/03\/diario-int-24729-5-360x238.jpg 360w\" sizes=\"(max-width: 680px) 100vw, 680px\" \/>Homens de JF esnobando eleg\u00e2ncia no Rio, Luiz Duque, Dalmo Brito e Marcelo Amoroso<\/p>\n<p style=\"text-align: center;\"><img decoding=\"async\" class=\" size-full wp-image-93109\" src=\"http:\/\/diarioregionaljf.com.br\/wp-content\/uploads\/2018\/03\/diario-int-24729-6.jpg\" alt=\"fotof.jpg\" width=\"680\" style=\"display: block; margin-left: auto; margin-right: auto;\" srcset=\"https:\/\/diarioregionaldigital.com.br\/wp-content\/uploads\/2018\/03\/diario-int-24729-6.jpg 680w, https:\/\/diarioregionaldigital.com.br\/wp-content\/uploads\/2018\/03\/diario-int-24729-6-300x199.jpg 300w, https:\/\/diarioregionaldigital.com.br\/wp-content\/uploads\/2018\/03\/diario-int-24729-6-360x238.jpg 360w\" sizes=\"(max-width: 680px) 100vw, 680px\" \/>Romeu Delmonte, o fot\u00f3grafo preferido das estrelas<\/p>\n<p style=\"text-align: center;\"><img decoding=\"async\" class=\" size-full wp-image-93110\" src=\"http:\/\/diarioregionaljf.com.br\/wp-content\/uploads\/2018\/03\/diario-int-24729-7.jpg\" alt=\"fotoh.jpg\" width=\"680\" style=\"display: block; margin-left: auto; margin-right: auto;\" srcset=\"https:\/\/diarioregionaldigital.com.br\/wp-content\/uploads\/2018\/03\/diario-int-24729-7.jpg 680w, https:\/\/diarioregionaldigital.com.br\/wp-content\/uploads\/2018\/03\/diario-int-24729-7-300x199.jpg 300w, https:\/\/diarioregionaldigital.com.br\/wp-content\/uploads\/2018\/03\/diario-int-24729-7-360x238.jpg 360w\" sizes=\"(max-width: 680px) 100vw, 680px\" \/>A elegant\u00e9rrima Dilene Abreu em close internacional<\/p>\n<p style=\"text-align: center;\"><img decoding=\"async\" class=\" size-full wp-image-93111\" src=\"http:\/\/diarioregionaljf.com.br\/wp-content\/uploads\/2018\/03\/diario-int-24729-8.jpg\" alt=\"fotoi.jpg\" width=\"680\" style=\"display: block; margin-left: auto; margin-right: auto;\" srcset=\"https:\/\/diarioregionaldigital.com.br\/wp-content\/uploads\/2018\/03\/diario-int-24729-8.jpg 680w, https:\/\/diarioregionaldigital.com.br\/wp-content\/uploads\/2018\/03\/diario-int-24729-8-300x193.jpg 300w, https:\/\/diarioregionaldigital.com.br\/wp-content\/uploads\/2018\/03\/diario-int-24729-8-360x231.jpg 360w\" sizes=\"(max-width: 680px) 100vw, 680px\" \/>No C\u00edrculo Militar, a m\u00e9dica Maria Helena Macedo foi prestigiada em sua palestra pelo marido Jorge Destro de Macedo, a filha \u00c2ngela Caroline e o colunista Marc\u00edlio Gomes<\/p>\n<p style=\"text-align: center;\"><img decoding=\"async\" class=\" size-full wp-image-93112\" src=\"http:\/\/diarioregionaljf.com.br\/wp-content\/uploads\/2018\/03\/diario-int-24729-9.jpg\" alt=\"fotoj.jpg\" width=\"680\" style=\"display: block; margin-left: auto; margin-right: auto;\" srcset=\"https:\/\/diarioregionaldigital.com.br\/wp-content\/uploads\/2018\/03\/diario-int-24729-9.jpg 680w, https:\/\/diarioregionaldigital.com.br\/wp-content\/uploads\/2018\/03\/diario-int-24729-9-300x199.jpg 300w, https:\/\/diarioregionaldigital.com.br\/wp-content\/uploads\/2018\/03\/diario-int-24729-9-360x238.jpg 360w\" sizes=\"(max-width: 680px) 100vw, 680px\" \/>No Capit\u00f3lio na formatura de Medicina, a eleg\u00e2ncia de L\u00eddia Cavalcante, Elir Andrade e Mariana Loures, lacrando<\/p>\n<p class=\"h4\" style=\"text-align: center;\">FOTOSS\u00cdNTESE<\/p>\n<p>Em estilo \u00fanico, ser\u00e1 comemorado no dia 7 de mar\u00e7o, o Dia do Fuzileiro Naval. Na oportunidade haver\u00e1 especial palestra do Comandante do Ex\u00e9rcito, Cabral da Marinha, na sede social do C\u00edrculo Militar de Juiz de Fora, \u00e0s 14h30.<\/p>\n<p>Vai ter cantoria no dia 17 de mar\u00e7o, \u00e0s 16h30, no Cultural bar. A diva Sandra Portella convida Moacyr Luz para especial\u00edssimo show.<\/p>\n<p>Foi lan\u00e7ado com sucesso o curso de teatro musical na Corpus. Liderando o grupo, as elegantes Denise Barbosa Milward e a filha Raphaela.<\/p>\n<p>Ex-modelo e bel\u00edssima, a psic\u00f3loga Luciana Moares Cardoso comandou \u201cWorkshop\u201d de constela\u00e7\u00e3o familiar, no Constantino Hotel.<\/p>\n<p>Mobiliza\u00e7\u00e3o no circuito social da cidade para as festividades de comemora\u00e7\u00e3o dos 50 anos do Col\u00e9gio Pio XII. Em cena, o show de Renato e seus Blue Caps, no dia 14 de abril, \u00e0s 21h. Ingressos na Loja Z\u00e9 Kodak.<\/p>\n<p>Agendado para os dias 16 e 17 de mar\u00e7o no Ritz Plaza Hotel, o 1\u00ba Congresso Internacional de Sa\u00fade e Espiritualidade do Nupes. J\u00e1 confirmaram presen\u00e7a, o jornalista Marcel Souto Maior e o padre Renato Prado de Faria.<\/p>\n<p>Com muito alto astral, o professor de mestrado de Letras do CES\/JF, William Valentine Redmond, comemora o livro \u201cOs \u00e1libis do amor\u201d, de Gilberto Mendon\u00e7a Teles, que ele organizou, com poemas traduzidos para o ingl\u00eas.<\/p>\n<p>Termina neste domingo a Femur, em Ub\u00e1. Com exposi\u00e7\u00e3o de lindos m\u00f3veis, a dire\u00e7\u00e3o de arte \u00e9 pilotada por Pedro Prata.<\/p>\n<p>A elegante Maria Rita Gomes da Rocha e o marido Roberto Lu\u00eds da Rocha foram conferir o card\u00e1pio da Churrasqueira do Rio de Janeiro e deram nota 10.<\/p>\n<p>Para concluir no b\u00e1sico: Ningu\u00e9m \u00e9 t\u00e3o feio como na identidade, bonito como no Instagram, feliz como no Facebook, simp\u00e1tico como no Twitter e ocupado como no Whatsapp. Bom dia!<\/p>\n<p>&nbsp;<\/p>\n","protected":false},"excerpt":{"rendered":"<p>Rocket PubCeleiro de gente bonita, o Rocket Pub est\u00e1 de volta. A noite de abertura ser\u00e1 dia 7 de mar\u00e7o, com a festa Selvagem. A temporada 2018 recebe o nome de \u201cViva o novo outra vez\u201d. Ser\u00e3o eventos diversos sem nunca deixar cair na rotina. O ambiente para a tripula\u00e7\u00e3o de todas as tribos fica [&hellip;]<\/p>\n","protected":false},"author":96,"featured_media":93103,"comment_status":"closed","ping_status":"closed","sticky":false,"template":"","format":"standard","meta":{"footnotes":""},"categories":[264],"tags":[],"class_list":["post-93113","post","type-post","status-publish","format-standard","has-post-thumbnail","hentry","category-eduardo-gomes"],"_links":{"self":[{"href":"https:\/\/diarioregionaldigital.com.br\/index.php?rest_route=\/wp\/v2\/posts\/93113","targetHints":{"allow":["GET"]}}],"collection":[{"href":"https:\/\/diarioregionaldigital.com.br\/index.php?rest_route=\/wp\/v2\/posts"}],"about":[{"href":"https:\/\/diarioregionaldigital.com.br\/index.php?rest_route=\/wp\/v2\/types\/post"}],"author":[{"embeddable":true,"href":"https:\/\/diarioregionaldigital.com.br\/index.php?rest_route=\/wp\/v2\/users\/96"}],"replies":[{"embeddable":true,"href":"https:\/\/diarioregionaldigital.com.br\/index.php?rest_route=%2Fwp%2Fv2%2Fcomments&post=93113"}],"version-history":[{"count":0,"href":"https:\/\/diarioregionaldigital.com.br\/index.php?rest_route=\/wp\/v2\/posts\/93113\/revisions"}],"wp:featuredmedia":[{"embeddable":true,"href":"https:\/\/diarioregionaldigital.com.br\/index.php?rest_route=\/wp\/v2\/media\/93103"}],"wp:attachment":[{"href":"https:\/\/diarioregionaldigital.com.br\/index.php?rest_route=%2Fwp%2Fv2%2Fmedia&parent=93113"}],"wp:term":[{"taxonomy":"category","embeddable":true,"href":"https:\/\/diarioregionaldigital.com.br\/index.php?rest_route=%2Fwp%2Fv2%2Fcategories&post=93113"},{"taxonomy":"post_tag","embeddable":true,"href":"https:\/\/diarioregionaldigital.com.br\/index.php?rest_route=%2Fwp%2Fv2%2Ftags&post=93113"}],"curies":[{"name":"wp","href":"https:\/\/api.w.org\/{rel}","templated":true}]}}