{"id":93102,"date":"2018-03-03T15:49:28","date_gmt":"2018-03-03T18:49:28","guid":{"rendered":"http:\/\/diarioregionaljf.com.br\/2018\/03\/03\/motociclista-atira-contra-policiais-durante-perseguicao-no-bairro-cidade-nova\/"},"modified":"2018-03-03T15:49:28","modified_gmt":"2018-03-03T18:49:28","slug":"motociclista-atira-contra-policiais-durante-perseguicao-no-bairro-cidade-nova","status":"publish","type":"post","link":"https:\/\/diarioregionaldigital.com.br\/?p=93102","title":{"rendered":"Motociclista atira contra policiais durante persegui\u00e7\u00e3o no bairro Cidade Nova"},"content":{"rendered":"<p>Um motociclista efetuou disparos de arma de fogo contra policiais militares durante uma persegui\u00e7\u00e3o no bairro Cidade Nova, zona Sul da cidade, no in\u00edcio da madrugada deste s\u00e1bado, 3.<\/p>\n<p>Conforme informa\u00e7\u00f5es da Policia Militar (PM), durante patrulhamento na Rua Heitor In\u00e1cio, uma guarni\u00e7\u00e3o se deparou com duas motocicletas &#8211; uma delas com placas do Rio de Janeiro &#8211; em atitude suspeita. Ao notarem a aproxima\u00e7\u00e3o da pol\u00edcia, os condutores fugiram em alta velocidade. Os militares iniciaram persegui\u00e7\u00e3o aos motociclistas e conseguiram abordar um deles.<\/p>\n<p>O outro condutor continuou a fuga e, ap\u00f3s receber uma ordem de parada, levou a m\u00e3o \u00e0 cintura e sacou uma arma de fogo, efetuando um disparo para tr\u00e1s e seguindo em dire\u00e7\u00e3o a Escola Municipal Antonino Lessa. Para repelir a agress\u00e3o, os militares efetuaram dois disparos contra o autor, que, ainda com o capacete na cabe\u00e7a, desceu da moto e saltou a grade da institui\u00e7\u00e3o.<\/p>\n<p>Foi solicitado refor\u00e7o policial, mas mesmo ap\u00f3s cerco ao suspeito os policiais n\u00e3o conseguiram det\u00ea-lo. A motocicleta foi deixada no local e apreendida.<\/p>\n","protected":false},"excerpt":{"rendered":"<p>Um motociclista efetuou disparos de arma de fogo contra policiais militares durante uma persegui\u00e7\u00e3o no bairro Cidade Nova, zona Sul da cidade, no in\u00edcio da madrugada deste s\u00e1bado, 3. Conforme informa\u00e7\u00f5es da Policia Militar (PM), durante patrulhamento na Rua Heitor In\u00e1cio, uma guarni\u00e7\u00e3o se deparou com duas motocicletas &#8211; uma delas com placas do Rio [&hellip;]<\/p>\n","protected":false},"author":96,"featured_media":93101,"comment_status":"closed","ping_status":"closed","sticky":false,"template":"","format":"standard","meta":{"footnotes":""},"categories":[301],"tags":[],"class_list":["post-93102","post","type-post","status-publish","format-standard","has-post-thumbnail","hentry","category-artigos-policiais"],"_links":{"self":[{"href":"https:\/\/diarioregionaldigital.com.br\/index.php?rest_route=\/wp\/v2\/posts\/93102","targetHints":{"allow":["GET"]}}],"collection":[{"href":"https:\/\/diarioregionaldigital.com.br\/index.php?rest_route=\/wp\/v2\/posts"}],"about":[{"href":"https:\/\/diarioregionaldigital.com.br\/index.php?rest_route=\/wp\/v2\/types\/post"}],"author":[{"embeddable":true,"href":"https:\/\/diarioregionaldigital.com.br\/index.php?rest_route=\/wp\/v2\/users\/96"}],"replies":[{"embeddable":true,"href":"https:\/\/diarioregionaldigital.com.br\/index.php?rest_route=%2Fwp%2Fv2%2Fcomments&post=93102"}],"version-history":[{"count":0,"href":"https:\/\/diarioregionaldigital.com.br\/index.php?rest_route=\/wp\/v2\/posts\/93102\/revisions"}],"wp:featuredmedia":[{"embeddable":true,"href":"https:\/\/diarioregionaldigital.com.br\/index.php?rest_route=\/wp\/v2\/media\/93101"}],"wp:attachment":[{"href":"https:\/\/diarioregionaldigital.com.br\/index.php?rest_route=%2Fwp%2Fv2%2Fmedia&parent=93102"}],"wp:term":[{"taxonomy":"category","embeddable":true,"href":"https:\/\/diarioregionaldigital.com.br\/index.php?rest_route=%2Fwp%2Fv2%2Fcategories&post=93102"},{"taxonomy":"post_tag","embeddable":true,"href":"https:\/\/diarioregionaldigital.com.br\/index.php?rest_route=%2Fwp%2Fv2%2Ftags&post=93102"}],"curies":[{"name":"wp","href":"https:\/\/api.w.org\/{rel}","templated":true}]}}