{"id":93100,"date":"2018-03-03T15:24:36","date_gmt":"2018-03-03T18:24:36","guid":{"rendered":"http:\/\/diarioregionaljf.com.br\/2018\/03\/03\/crivella-estima-que-escolas-do-rio-terao-argamassa-blindada-em-algumas-semanas\/"},"modified":"2018-03-03T15:24:36","modified_gmt":"2018-03-03T18:24:36","slug":"crivella-estima-que-escolas-do-rio-terao-argamassa-blindada-em-algumas-semanas","status":"publish","type":"post","link":"https:\/\/diarioregionaldigital.com.br\/?p=93100","title":{"rendered":"Crivella estima que escolas do Rio ter\u00e3o argamassa blindada em algumas semanas"},"content":{"rendered":"<p>O prefeito do Rio de Janeiro, Marcelo Crivella, disse neste s\u00e1bado, 3, que ainda pretende aplicar argamassa blindada nas escolas municipais cariocas, para evitar que balas perdidas atinjam alunos e funcion\u00e1rios. A proposta foi anunciada pelo prefeito em abril do ano passado.<\/p>\n<p>\u201cFizemos testes na Pol\u00edcia Militar e hoje ela est\u00e1 sendo testada na Pol\u00edcia Civil. Testamos de maneira n\u00e3o oficial na Pol\u00edcia Militar, e ela resistiu a tiros de fuzil a 15 metros. Agora estamos testando na Pol\u00edcia Civil. Logo, logo, vai estar sendo usada. Acho que nas pr\u00f3ximas semanas\u201d, disse Crivella.<\/p>\n<p>&nbsp;<\/p>\n<h4>MEM\u00d3RIA<\/h4>\n<p>A medida foi anunciada por Crivela logo depois que uma bala perdida matou a menina Maria Eduarda da Concei\u00e7\u00e3o, de 13 anos, durante uma opera\u00e7\u00e3o policial em Acari. A estudante estava tendo aula de educa\u00e7\u00e3o f\u00edsica no gin\u00e1sio da Escola Municipal Jornalista Daniel Piza, quando foi atingida por tiros, em 1\u00ba de abril de 2017.<\/p>\n<p>Dois dias depois da morte de Maria Eduarda, Crivella disse que j\u00e1 tinha encomendado a argamassa especial de uma empresa norte-americana. Neste s\u00e1bado, dez meses depois, Crivella disse que a chamada argamassa armada foi desenvolvida por uma empresa brasileira e est\u00e1 passando por testes na pol\u00edcia.<\/p>\n<p>&nbsp;<\/p>\n<p>Fonte: Ag\u00eancia Brasil<\/p>\n","protected":false},"excerpt":{"rendered":"<p>O prefeito do Rio de Janeiro, Marcelo Crivella, disse neste s\u00e1bado, 3, que ainda pretende aplicar argamassa blindada nas escolas municipais cariocas, para evitar que balas perdidas atinjam alunos e funcion\u00e1rios. A proposta foi anunciada pelo prefeito em abril do ano passado. \u201cFizemos testes na Pol\u00edcia Militar e hoje ela est\u00e1 sendo testada na Pol\u00edcia [&hellip;]<\/p>\n","protected":false},"author":96,"featured_media":93099,"comment_status":"closed","ping_status":"closed","sticky":false,"template":"","format":"standard","meta":{"footnotes":""},"categories":[302],"tags":[],"class_list":["post-93100","post","type-post","status-publish","format-standard","has-post-thumbnail","hentry","category-brasil-mundo"],"_links":{"self":[{"href":"https:\/\/diarioregionaldigital.com.br\/index.php?rest_route=\/wp\/v2\/posts\/93100","targetHints":{"allow":["GET"]}}],"collection":[{"href":"https:\/\/diarioregionaldigital.com.br\/index.php?rest_route=\/wp\/v2\/posts"}],"about":[{"href":"https:\/\/diarioregionaldigital.com.br\/index.php?rest_route=\/wp\/v2\/types\/post"}],"author":[{"embeddable":true,"href":"https:\/\/diarioregionaldigital.com.br\/index.php?rest_route=\/wp\/v2\/users\/96"}],"replies":[{"embeddable":true,"href":"https:\/\/diarioregionaldigital.com.br\/index.php?rest_route=%2Fwp%2Fv2%2Fcomments&post=93100"}],"version-history":[{"count":0,"href":"https:\/\/diarioregionaldigital.com.br\/index.php?rest_route=\/wp\/v2\/posts\/93100\/revisions"}],"wp:featuredmedia":[{"embeddable":true,"href":"https:\/\/diarioregionaldigital.com.br\/index.php?rest_route=\/wp\/v2\/media\/93099"}],"wp:attachment":[{"href":"https:\/\/diarioregionaldigital.com.br\/index.php?rest_route=%2Fwp%2Fv2%2Fmedia&parent=93100"}],"wp:term":[{"taxonomy":"category","embeddable":true,"href":"https:\/\/diarioregionaldigital.com.br\/index.php?rest_route=%2Fwp%2Fv2%2Fcategories&post=93100"},{"taxonomy":"post_tag","embeddable":true,"href":"https:\/\/diarioregionaldigital.com.br\/index.php?rest_route=%2Fwp%2Fv2%2Ftags&post=93100"}],"curies":[{"name":"wp","href":"https:\/\/api.w.org\/{rel}","templated":true}]}}