{"id":93098,"date":"2018-03-03T15:10:05","date_gmt":"2018-03-03T18:10:05","guid":{"rendered":"http:\/\/diarioregionaljf.com.br\/2018\/03\/03\/homem-armado-rouba-r-100-em-estabelecimento-no-bairu\/"},"modified":"2018-03-03T15:10:05","modified_gmt":"2018-03-03T18:10:05","slug":"homem-armado-rouba-r-100-em-estabelecimento-no-bairu","status":"publish","type":"post","link":"https:\/\/diarioregionaldigital.com.br\/?p=93098","title":{"rendered":"Homem armado rouba R$100 em estabelecimento no Bairu"},"content":{"rendered":"<p>Um homem armado assaltou um estabelecimento comercial na Rua Am\u00e9rico Lobo, no bairro Bairu, zona Leste de Juiz de Fora, na tarde dessa sexta-feira, 2.<\/p>\n<p>A v\u00edtima, um homem de 36 anos, relatou \u00e0 Pol\u00edcia Militar (PM) que o assaltante estava armado de garrucha e, ap\u00f3s amea\u00e7as, subtraiu R$100 do caixa.<\/p>\n","protected":false},"excerpt":{"rendered":"<p>Um homem armado assaltou um estabelecimento comercial na Rua Am\u00e9rico Lobo, no bairro Bairu, zona Leste de Juiz de Fora, na tarde dessa sexta-feira, 2. A v\u00edtima, um homem de 36 anos, relatou \u00e0 Pol\u00edcia Militar (PM) que o assaltante estava armado de garrucha e, ap\u00f3s amea\u00e7as, subtraiu R$100 do caixa.<\/p>\n","protected":false},"author":96,"featured_media":93097,"comment_status":"closed","ping_status":"closed","sticky":false,"template":"","format":"standard","meta":{"footnotes":""},"categories":[301],"tags":[],"class_list":["post-93098","post","type-post","status-publish","format-standard","has-post-thumbnail","hentry","category-artigos-policiais"],"_links":{"self":[{"href":"https:\/\/diarioregionaldigital.com.br\/index.php?rest_route=\/wp\/v2\/posts\/93098","targetHints":{"allow":["GET"]}}],"collection":[{"href":"https:\/\/diarioregionaldigital.com.br\/index.php?rest_route=\/wp\/v2\/posts"}],"about":[{"href":"https:\/\/diarioregionaldigital.com.br\/index.php?rest_route=\/wp\/v2\/types\/post"}],"author":[{"embeddable":true,"href":"https:\/\/diarioregionaldigital.com.br\/index.php?rest_route=\/wp\/v2\/users\/96"}],"replies":[{"embeddable":true,"href":"https:\/\/diarioregionaldigital.com.br\/index.php?rest_route=%2Fwp%2Fv2%2Fcomments&post=93098"}],"version-history":[{"count":0,"href":"https:\/\/diarioregionaldigital.com.br\/index.php?rest_route=\/wp\/v2\/posts\/93098\/revisions"}],"wp:featuredmedia":[{"embeddable":true,"href":"https:\/\/diarioregionaldigital.com.br\/index.php?rest_route=\/wp\/v2\/media\/93097"}],"wp:attachment":[{"href":"https:\/\/diarioregionaldigital.com.br\/index.php?rest_route=%2Fwp%2Fv2%2Fmedia&parent=93098"}],"wp:term":[{"taxonomy":"category","embeddable":true,"href":"https:\/\/diarioregionaldigital.com.br\/index.php?rest_route=%2Fwp%2Fv2%2Fcategories&post=93098"},{"taxonomy":"post_tag","embeddable":true,"href":"https:\/\/diarioregionaldigital.com.br\/index.php?rest_route=%2Fwp%2Fv2%2Ftags&post=93098"}],"curies":[{"name":"wp","href":"https:\/\/api.w.org\/{rel}","templated":true}]}}