{"id":93096,"date":"2018-03-03T14:44:24","date_gmt":"2018-03-03T17:44:24","guid":{"rendered":"http:\/\/diarioregionaljf.com.br\/2018\/03\/03\/stf-nega-pedido-de-ex-presidente-do-peru-para-ter-acesso-a-delacao-da-odebrecht\/"},"modified":"2018-03-03T14:44:24","modified_gmt":"2018-03-03T17:44:24","slug":"stf-nega-pedido-de-ex-presidente-do-peru-para-ter-acesso-a-delacao-da-odebrecht","status":"publish","type":"post","link":"https:\/\/diarioregionaldigital.com.br\/?p=93096","title":{"rendered":"STF nega pedido de ex-presidente do Peru para ter acesso \u00e0 dela\u00e7\u00e3o da Odebrecht"},"content":{"rendered":"<p>O ministro do Supremo Tribunal Federal (STF) Edson Fachin negou nessa sexta-feira, 2, pedido feito pela defesa do ex-presidente do Peru Ollanta Humala e de sua mulher, a ex-primeira dama Nadine Heredia, para ter acesso \u00e0 parte internacional das dela\u00e7\u00f5es da empreiteira Odebrecht.<\/p>\n<p>Nos depoimentos, o empres\u00e1rio brasileiro Marcelo Odebrecht afirmou ter repassado US$3 milh\u00f5es de d\u00f3lares para a campanha que elegeu Humala presidente em 2011. Com base nas acusa\u00e7\u00f5es, em julho do ano passado, o casal foi preso para cumprir pris\u00e3o preventiva por determina\u00e7\u00e3o da Justi\u00e7a peruana.<\/p>\n<p>Na decis\u00e3o, Fachin afirmou que o conte\u00fado das dela\u00e7\u00f5es est\u00e1 em segredo de Justi\u00e7a e os dados n\u00e3o podem ser compartilhados sem procedimento pr\u00f3prio de coopera\u00e7\u00e3o internacional.<\/p>\n<p>\u201cOs elementos cujo acesso \u00e9 requerido pelos peticionantes encontram-se acobertados por sigilo judicial, sendo que tais informa\u00e7\u00f5es n\u00e3o podem ser qualificadas como prova sem a celebra\u00e7\u00e3o de acordo de colabora\u00e7\u00e3o com as autoridades estrangeiras\u201d, decidiu o ministro.<\/p>\n<p>A Odebrecht admitiu, perante a Justi\u00e7a norte-americana, ter pago cerca de US$800 milh\u00f5es em propina em 12 pa\u00edses entre 2001 e 2016, desencadeado uma s\u00e9rie de investiga\u00e7\u00f5es. Oito pa\u00edses, al\u00e9m do Brasil e do Peru, s\u00e3o da Am\u00e9rica Latina: Argentina, Col\u00f4mbia, Equador, Guatemala, M\u00e9xico, Panam\u00e1, Rep\u00fablica Dominicana e Venezuela.<\/p>\n<p>&nbsp;<\/p>\n<p>Fonte: Ag\u00eancia Brasil<\/p>\n","protected":false},"excerpt":{"rendered":"<p>O ministro do Supremo Tribunal Federal (STF) Edson Fachin negou nessa sexta-feira, 2, pedido feito pela defesa do ex-presidente do Peru Ollanta Humala e de sua mulher, a ex-primeira dama Nadine Heredia, para ter acesso \u00e0 parte internacional das dela\u00e7\u00f5es da empreiteira Odebrecht. Nos depoimentos, o empres\u00e1rio brasileiro Marcelo Odebrecht afirmou ter repassado US$3 milh\u00f5es [&hellip;]<\/p>\n","protected":false},"author":96,"featured_media":93095,"comment_status":"closed","ping_status":"closed","sticky":false,"template":"","format":"standard","meta":{"footnotes":""},"categories":[254],"tags":[],"class_list":["post-93096","post","type-post","status-publish","format-standard","has-post-thumbnail","hentry","category-politica"],"_links":{"self":[{"href":"https:\/\/diarioregionaldigital.com.br\/index.php?rest_route=\/wp\/v2\/posts\/93096","targetHints":{"allow":["GET"]}}],"collection":[{"href":"https:\/\/diarioregionaldigital.com.br\/index.php?rest_route=\/wp\/v2\/posts"}],"about":[{"href":"https:\/\/diarioregionaldigital.com.br\/index.php?rest_route=\/wp\/v2\/types\/post"}],"author":[{"embeddable":true,"href":"https:\/\/diarioregionaldigital.com.br\/index.php?rest_route=\/wp\/v2\/users\/96"}],"replies":[{"embeddable":true,"href":"https:\/\/diarioregionaldigital.com.br\/index.php?rest_route=%2Fwp%2Fv2%2Fcomments&post=93096"}],"version-history":[{"count":0,"href":"https:\/\/diarioregionaldigital.com.br\/index.php?rest_route=\/wp\/v2\/posts\/93096\/revisions"}],"wp:featuredmedia":[{"embeddable":true,"href":"https:\/\/diarioregionaldigital.com.br\/index.php?rest_route=\/wp\/v2\/media\/93095"}],"wp:attachment":[{"href":"https:\/\/diarioregionaldigital.com.br\/index.php?rest_route=%2Fwp%2Fv2%2Fmedia&parent=93096"}],"wp:term":[{"taxonomy":"category","embeddable":true,"href":"https:\/\/diarioregionaldigital.com.br\/index.php?rest_route=%2Fwp%2Fv2%2Fcategories&post=93096"},{"taxonomy":"post_tag","embeddable":true,"href":"https:\/\/diarioregionaldigital.com.br\/index.php?rest_route=%2Fwp%2Fv2%2Ftags&post=93096"}],"curies":[{"name":"wp","href":"https:\/\/api.w.org\/{rel}","templated":true}]}}