{"id":93090,"date":"2018-03-03T13:17:30","date_gmt":"2018-03-03T16:17:30","guid":{"rendered":"http:\/\/diarioregionaljf.com.br\/2018\/03\/03\/acidente-no-mariano-procopio-deixa-uma-pessoa-morta-e-quatro-feridas\/"},"modified":"2018-03-03T13:17:30","modified_gmt":"2018-03-03T16:17:30","slug":"acidente-no-mariano-procopio-deixa-uma-pessoa-morta-e-quatro-feridas","status":"publish","type":"post","link":"https:\/\/diarioregionaldigital.com.br\/?p=93090","title":{"rendered":"Acidente no S\u00e3o Dimas deixa uma pessoa morta e quatro feridas"},"content":{"rendered":"<p>ATUALIZADA \u00c0S 12H58, EM 03 DE MAR\u00c7O<\/p>\n<p>Uma mulher morreu e quatro pessoas ficaram feridas ap\u00f3s um carro colidir com um muro na Avenida Henrique Burnier, no bairro S\u00e3o Dimas, pr\u00f3ximo ao terminal rodovi\u00e1rio de Juiz de Fora, na manh\u00e3 deste s\u00e1bado, 3. De acordo com informa\u00e7\u00f5es preliminares do Corpo de Bombeiros, que atendeu \u00e0 ocorr\u00eancia, o motorista teria passado direto em uma curva, vindo a bater no muro.<\/p>\n<p>Ainda conforme a corpora\u00e7\u00e3o, a mulher estava sentada no banco da frente do ve\u00edculo. O condutor do carro ficou preso \u00e0s ferragens e um aparelho desencarcerador foi utilizado para retir\u00e1-lo.&nbsp;Os passageiros do banco de tr\u00e1s n\u00e3o estavam usando cinto de seguran\u00e7a.<\/p>\n<p>As v\u00edtimas foram socorridas por ambul\u00e2ncias do Servi\u00e7o de Atendimento M\u00f3vel de Urg\u00eancia (SAMU) e conduzidas para o Hospital de Pronto Socorro. A idade das mesmas, bem como o estado de sa\u00fade delas, n\u00e3o foram informados.<\/p>\n","protected":false},"excerpt":{"rendered":"<p>ATUALIZADA \u00c0S 12H58, EM 03 DE MAR\u00c7O Uma mulher morreu e quatro pessoas ficaram feridas ap\u00f3s um carro colidir com um muro na Avenida Henrique Burnier, no bairro S\u00e3o Dimas, pr\u00f3ximo ao terminal rodovi\u00e1rio de Juiz de Fora, na manh\u00e3 deste s\u00e1bado, 3. De acordo com informa\u00e7\u00f5es preliminares do Corpo de Bombeiros, que atendeu \u00e0 [&hellip;]<\/p>\n","protected":false},"author":96,"featured_media":93089,"comment_status":"closed","ping_status":"closed","sticky":false,"template":"","format":"standard","meta":{"footnotes":""},"categories":[253],"tags":[],"class_list":["post-93090","post","type-post","status-publish","format-standard","has-post-thumbnail","hentry","category-cidade"],"_links":{"self":[{"href":"https:\/\/diarioregionaldigital.com.br\/index.php?rest_route=\/wp\/v2\/posts\/93090","targetHints":{"allow":["GET"]}}],"collection":[{"href":"https:\/\/diarioregionaldigital.com.br\/index.php?rest_route=\/wp\/v2\/posts"}],"about":[{"href":"https:\/\/diarioregionaldigital.com.br\/index.php?rest_route=\/wp\/v2\/types\/post"}],"author":[{"embeddable":true,"href":"https:\/\/diarioregionaldigital.com.br\/index.php?rest_route=\/wp\/v2\/users\/96"}],"replies":[{"embeddable":true,"href":"https:\/\/diarioregionaldigital.com.br\/index.php?rest_route=%2Fwp%2Fv2%2Fcomments&post=93090"}],"version-history":[{"count":0,"href":"https:\/\/diarioregionaldigital.com.br\/index.php?rest_route=\/wp\/v2\/posts\/93090\/revisions"}],"wp:featuredmedia":[{"embeddable":true,"href":"https:\/\/diarioregionaldigital.com.br\/index.php?rest_route=\/wp\/v2\/media\/93089"}],"wp:attachment":[{"href":"https:\/\/diarioregionaldigital.com.br\/index.php?rest_route=%2Fwp%2Fv2%2Fmedia&parent=93090"}],"wp:term":[{"taxonomy":"category","embeddable":true,"href":"https:\/\/diarioregionaldigital.com.br\/index.php?rest_route=%2Fwp%2Fv2%2Fcategories&post=93090"},{"taxonomy":"post_tag","embeddable":true,"href":"https:\/\/diarioregionaldigital.com.br\/index.php?rest_route=%2Fwp%2Fv2%2Ftags&post=93090"}],"curies":[{"name":"wp","href":"https:\/\/api.w.org\/{rel}","templated":true}]}}