{"id":93088,"date":"2018-03-03T12:55:33","date_gmt":"2018-03-03T15:55:33","guid":{"rendered":"http:\/\/diarioregionaljf.com.br\/2018\/03\/03\/homem-e-preso-apos-agredir-adolescente-com-golpes-de-faca\/"},"modified":"2018-03-03T12:55:33","modified_gmt":"2018-03-03T15:55:33","slug":"homem-e-preso-apos-agredir-adolescente-com-golpes-de-faca","status":"publish","type":"post","link":"https:\/\/diarioregionaldigital.com.br\/?p=93088","title":{"rendered":"Homem \u00e9 preso ap\u00f3s agredir adolescente com golpes de faca"},"content":{"rendered":"<p>Um homem de 22 anos foi preso ap\u00f3s agredir um adolescente de 17 anos com golpes de faca no pesco\u00e7o e nas costas no bairro Progresso, zona Leste, na noite dessa sexta-feira, 2.<\/p>\n<p>De acordo com informa\u00e7\u00f5es da Pol\u00edcia Militar (PM), policiais compareceram \u00e0 Rua Augusto Stoppa, onde a v\u00edtima j\u00e1 estava sendo atendida por uma equipe m\u00e9dica. O adolescente apresentava ferimentos causados por golpes de faca no pesco\u00e7o e nas costas. Ele relatou que estava com o autor em uma lanchonete e, ap\u00f3s atrito verbal, foi agredido pelo mesmo.<\/p>\n<p>Ainda conforme a PM, militares se dirigiram \u00e0 resid\u00eancia do autor, que confirmou os fatos e foi preso em flagrante.<\/p>\n<p>A v\u00edtima foi encaminhada para o pronto socorro e internada em estado grave.<\/p>\n","protected":false},"excerpt":{"rendered":"<p>Um homem de 22 anos foi preso ap\u00f3s agredir um adolescente de 17 anos com golpes de faca no pesco\u00e7o e nas costas no bairro Progresso, zona Leste, na noite dessa sexta-feira, 2. De acordo com informa\u00e7\u00f5es da Pol\u00edcia Militar (PM), policiais compareceram \u00e0 Rua Augusto Stoppa, onde a v\u00edtima j\u00e1 estava sendo atendida por [&hellip;]<\/p>\n","protected":false},"author":96,"featured_media":93087,"comment_status":"closed","ping_status":"closed","sticky":false,"template":"","format":"standard","meta":{"footnotes":""},"categories":[301],"tags":[],"class_list":["post-93088","post","type-post","status-publish","format-standard","has-post-thumbnail","hentry","category-artigos-policiais"],"_links":{"self":[{"href":"https:\/\/diarioregionaldigital.com.br\/index.php?rest_route=\/wp\/v2\/posts\/93088","targetHints":{"allow":["GET"]}}],"collection":[{"href":"https:\/\/diarioregionaldigital.com.br\/index.php?rest_route=\/wp\/v2\/posts"}],"about":[{"href":"https:\/\/diarioregionaldigital.com.br\/index.php?rest_route=\/wp\/v2\/types\/post"}],"author":[{"embeddable":true,"href":"https:\/\/diarioregionaldigital.com.br\/index.php?rest_route=\/wp\/v2\/users\/96"}],"replies":[{"embeddable":true,"href":"https:\/\/diarioregionaldigital.com.br\/index.php?rest_route=%2Fwp%2Fv2%2Fcomments&post=93088"}],"version-history":[{"count":0,"href":"https:\/\/diarioregionaldigital.com.br\/index.php?rest_route=\/wp\/v2\/posts\/93088\/revisions"}],"wp:featuredmedia":[{"embeddable":true,"href":"https:\/\/diarioregionaldigital.com.br\/index.php?rest_route=\/wp\/v2\/media\/93087"}],"wp:attachment":[{"href":"https:\/\/diarioregionaldigital.com.br\/index.php?rest_route=%2Fwp%2Fv2%2Fmedia&parent=93088"}],"wp:term":[{"taxonomy":"category","embeddable":true,"href":"https:\/\/diarioregionaldigital.com.br\/index.php?rest_route=%2Fwp%2Fv2%2Fcategories&post=93088"},{"taxonomy":"post_tag","embeddable":true,"href":"https:\/\/diarioregionaldigital.com.br\/index.php?rest_route=%2Fwp%2Fv2%2Ftags&post=93088"}],"curies":[{"name":"wp","href":"https:\/\/api.w.org\/{rel}","templated":true}]}}