{"id":93086,"date":"2018-03-03T12:38:09","date_gmt":"2018-03-03T15:38:09","guid":{"rendered":"http:\/\/diarioregionaljf.com.br\/2018\/03\/03\/novo-sistema-de-contagem-de-tempo-para-aposentadoria-dara-agilidade-aos-processos-e-comodidade-a-servidores-estaduais\/"},"modified":"2018-03-03T12:38:09","modified_gmt":"2018-03-03T15:38:09","slug":"novo-sistema-de-contagem-de-tempo-para-aposentadoria-dara-agilidade-aos-processos-e-comodidade-a-servidores-estaduais","status":"publish","type":"post","link":"https:\/\/diarioregionaldigital.com.br\/?p=93086","title":{"rendered":"Novo sistema de contagem de tempo para aposentadoria dar\u00e1 agilidade aos processos e comodidade a servidores estaduais"},"content":{"rendered":"<p>A Secretaria de Estado de Planejamento e Gest\u00e3o (Seplag) implantou um sistema eletr\u00f4nico de contagem de tempo que dar\u00e1 agilidade ao processo de aposentadoria. Com uma interface simples e intuitiva, o sistema conta com v\u00eddeos informativos e manuais explicativos e j\u00e1 pode ser acessado por meio do <a href=\"http:\/\/www.portaldoservidor.mg.gov.br\/\" target=\"_blank\" rel=\"noopener noreferrer\">Portal do Servidor<\/a>.<\/p>\n<p>At\u00e9 hoje eram necess\u00e1rios 150 dias, em m\u00e9dia, para reunir os documentos necess\u00e1rios e dar o encaminhamento dos pap\u00e9is ao INSS. Utilizando o novo sistema, ser\u00e1 poss\u00edvel emitir uma certid\u00e3o de contagem de tempo (CTC) em at\u00e9 30 dias.<\/p>\n<p>\u201cEsperamos um aumento da efici\u00eancia no tramite dos processos, promovendo maior seguran\u00e7a da informa\u00e7\u00e3o, transpar\u00eancia e economicidade. Isso amplia as possibilidades de acesso dos servidores \u00e0s unidades administrativas, al\u00e9m de refor\u00e7ar nosso compromisso com a sustentabilidade ambiental\u201d, afirma o secret\u00e1rio de Planejamento e Gest\u00e3o, Helv\u00e9cio Magalh\u00e3es.<\/p>\n<p>O diretor de Gest\u00e3o de Tempos, Jo\u00e3o Vitor Silva Fonseca, destaca a comodidade que o novo sistema oferece a servidores e ex-servidores. \u201cEle permite que o servidor ou qualquer cidad\u00e3o que j\u00e1 tenha trabalhado no Estado fa\u00e7a o pedido online. A certid\u00e3o final \u00e9 enviada pelos Correios, sem a necessidade de deslocamento at\u00e9 a Seplag\u201d, explica.<\/p>\n<p>No novo sistema de contagem de tempo o servidor pode acompanhar toda a movimenta\u00e7\u00e3o do processo por meio de mensagens recebidas no celular e por e-mail. A assinatura digital tamb\u00e9m \u00e9 outro elemento que tornar\u00e1 as falsifica\u00e7\u00f5es imposs\u00edveis de serem feitas, dificultando a ocorr\u00eancia de fraudes.<\/p>\n<p>&nbsp;<\/p>\n<h4>MENOS BUROCRACIA<\/h4>\n<p>Al\u00e9m de reduzir drasticamente o prazo de elabora\u00e7\u00e3o do processo de contagem de tempo, o Sistema de Contagem de Tempo vai ao encontro do Decreto 47.222, de 26\/7\/17, que regulamenta o uso de meios eletr\u00f4nicos para a tramita\u00e7\u00e3o de processos administrativos.<\/p>\n<p>Segundo o diretor, o novo processo ter\u00e1 impactos financeiros positivos para o Governo do Estado. \u201cA previs\u00e3o \u00e9 que haja uma economia de custos da ordem de R$500 mil ao ano, com pessoal e papel\u201d, informa Fonseca.<\/p>\n<p>&nbsp;<\/p>\n<p>Fonte: Ag\u00eancia Minas<\/p>\n","protected":false},"excerpt":{"rendered":"<p>A Secretaria de Estado de Planejamento e Gest\u00e3o (Seplag) implantou um sistema eletr\u00f4nico de contagem de tempo que dar\u00e1 agilidade ao processo de aposentadoria. Com uma interface simples e intuitiva, o sistema conta com v\u00eddeos informativos e manuais explicativos e j\u00e1 pode ser acessado por meio do Portal do Servidor. At\u00e9 hoje eram necess\u00e1rios 150 [&hellip;]<\/p>\n","protected":false},"author":96,"featured_media":93085,"comment_status":"closed","ping_status":"closed","sticky":false,"template":"","format":"standard","meta":{"footnotes":""},"categories":[252],"tags":[],"class_list":["post-93086","post","type-post","status-publish","format-standard","has-post-thumbnail","hentry","category-regiao"],"_links":{"self":[{"href":"https:\/\/diarioregionaldigital.com.br\/index.php?rest_route=\/wp\/v2\/posts\/93086","targetHints":{"allow":["GET"]}}],"collection":[{"href":"https:\/\/diarioregionaldigital.com.br\/index.php?rest_route=\/wp\/v2\/posts"}],"about":[{"href":"https:\/\/diarioregionaldigital.com.br\/index.php?rest_route=\/wp\/v2\/types\/post"}],"author":[{"embeddable":true,"href":"https:\/\/diarioregionaldigital.com.br\/index.php?rest_route=\/wp\/v2\/users\/96"}],"replies":[{"embeddable":true,"href":"https:\/\/diarioregionaldigital.com.br\/index.php?rest_route=%2Fwp%2Fv2%2Fcomments&post=93086"}],"version-history":[{"count":0,"href":"https:\/\/diarioregionaldigital.com.br\/index.php?rest_route=\/wp\/v2\/posts\/93086\/revisions"}],"wp:featuredmedia":[{"embeddable":true,"href":"https:\/\/diarioregionaldigital.com.br\/index.php?rest_route=\/wp\/v2\/media\/93085"}],"wp:attachment":[{"href":"https:\/\/diarioregionaldigital.com.br\/index.php?rest_route=%2Fwp%2Fv2%2Fmedia&parent=93086"}],"wp:term":[{"taxonomy":"category","embeddable":true,"href":"https:\/\/diarioregionaldigital.com.br\/index.php?rest_route=%2Fwp%2Fv2%2Fcategories&post=93086"},{"taxonomy":"post_tag","embeddable":true,"href":"https:\/\/diarioregionaldigital.com.br\/index.php?rest_route=%2Fwp%2Fv2%2Ftags&post=93086"}],"curies":[{"name":"wp","href":"https:\/\/api.w.org\/{rel}","templated":true}]}}