{"id":93082,"date":"2018-03-03T12:07:04","date_gmt":"2018-03-03T15:07:04","guid":{"rendered":"http:\/\/diarioregionaljf.com.br\/2018\/03\/03\/dupla-e-presa-por-trafico-de-drogas-em-veiculo-com-placas-falsas-no-santo-antonio\/"},"modified":"2018-03-03T12:07:04","modified_gmt":"2018-03-03T15:07:04","slug":"dupla-e-presa-por-trafico-de-drogas-em-veiculo-com-placas-falsas-no-santo-antonio","status":"publish","type":"post","link":"https:\/\/diarioregionaldigital.com.br\/?p=93082","title":{"rendered":"Dupla \u00e9 presa por tr\u00e1fico de drogas em ve\u00edculo com placas falsas no Santo Ant\u00f4nio"},"content":{"rendered":"<p>Dois homens, de 19 e 24 anos, foram presos por tr\u00e1fico de drogas no bairro Santo Ant\u00f4nio, zona Sudeste de Juiz de Fora, na noite dessa sexta-feira, 2. De acordo com informa\u00e7\u00f5es do Boletim de Ocorr\u00eancia (BO) da Pol\u00edcia Militar (PM), a dupla estava em um ve\u00edculo com placas de Maca\u00e9 (RJ), mas ap\u00f3s consulta ao sistema a partir da documenta\u00e7\u00e3o apresentada, apurou-se que a placa real do carro \u00e9 de Nova Igua\u00e7u (RJ) e que o mesmo estaria com sinaliza\u00e7\u00e3o de roubo e furto.<\/p>\n<p>Ainda segundo o BO, uma viatura fazia patrulhamento pela Rua Francisco Cerqueira Cruzeiro quando se deparou com o ve\u00edculo. Ao visualizar a guarni\u00e7\u00e3o da PM, o motorista empreendeu fuga, durante a qual um embrulho foi jogado pela janela do carro. Ao arrecadar o material, os militares constataram se tratar de maconha.<\/p>\n<p>Em abordagem, foi encontrado com o condutor, um rapaz de 24 anos, a quantia de R$154 em dinheiro, al\u00e9m de documentos do ve\u00edculo e um certificado de licenciamento de um autom\u00f3vel com placas de Juiz de Fora. A documenta\u00e7\u00e3o do carro abordado apresentava sinais de falsifica\u00e7\u00e3o e, posteriormente, foi apurado que o mesmo possu\u00eda placas de Nova Igua\u00e7u (RJ) e havia sido roubado.<\/p>\n<p>Dentro do carro tamb\u00e9m foi encontrado um tablete de maconha.<\/p>\n","protected":false},"excerpt":{"rendered":"<p>Dois homens, de 19 e 24 anos, foram presos por tr\u00e1fico de drogas no bairro Santo Ant\u00f4nio, zona Sudeste de Juiz de Fora, na noite dessa sexta-feira, 2. De acordo com informa\u00e7\u00f5es do Boletim de Ocorr\u00eancia (BO) da Pol\u00edcia Militar (PM), a dupla estava em um ve\u00edculo com placas de Maca\u00e9 (RJ), mas ap\u00f3s consulta [&hellip;]<\/p>\n","protected":false},"author":96,"featured_media":93081,"comment_status":"closed","ping_status":"closed","sticky":false,"template":"","format":"standard","meta":{"footnotes":""},"categories":[301],"tags":[],"class_list":["post-93082","post","type-post","status-publish","format-standard","has-post-thumbnail","hentry","category-artigos-policiais"],"_links":{"self":[{"href":"https:\/\/diarioregionaldigital.com.br\/index.php?rest_route=\/wp\/v2\/posts\/93082","targetHints":{"allow":["GET"]}}],"collection":[{"href":"https:\/\/diarioregionaldigital.com.br\/index.php?rest_route=\/wp\/v2\/posts"}],"about":[{"href":"https:\/\/diarioregionaldigital.com.br\/index.php?rest_route=\/wp\/v2\/types\/post"}],"author":[{"embeddable":true,"href":"https:\/\/diarioregionaldigital.com.br\/index.php?rest_route=\/wp\/v2\/users\/96"}],"replies":[{"embeddable":true,"href":"https:\/\/diarioregionaldigital.com.br\/index.php?rest_route=%2Fwp%2Fv2%2Fcomments&post=93082"}],"version-history":[{"count":0,"href":"https:\/\/diarioregionaldigital.com.br\/index.php?rest_route=\/wp\/v2\/posts\/93082\/revisions"}],"wp:featuredmedia":[{"embeddable":true,"href":"https:\/\/diarioregionaldigital.com.br\/index.php?rest_route=\/wp\/v2\/media\/93081"}],"wp:attachment":[{"href":"https:\/\/diarioregionaldigital.com.br\/index.php?rest_route=%2Fwp%2Fv2%2Fmedia&parent=93082"}],"wp:term":[{"taxonomy":"category","embeddable":true,"href":"https:\/\/diarioregionaldigital.com.br\/index.php?rest_route=%2Fwp%2Fv2%2Fcategories&post=93082"},{"taxonomy":"post_tag","embeddable":true,"href":"https:\/\/diarioregionaldigital.com.br\/index.php?rest_route=%2Fwp%2Fv2%2Ftags&post=93082"}],"curies":[{"name":"wp","href":"https:\/\/api.w.org\/{rel}","templated":true}]}}