{"id":93078,"date":"2018-03-02T23:56:06","date_gmt":"2018-03-03T02:56:06","guid":{"rendered":"http:\/\/diarioregionaljf.com.br\/2018\/03\/02\/guarda-municipal-ambiental-divulga-balanco-semestral-de-acoes\/"},"modified":"2018-03-02T23:56:06","modified_gmt":"2018-03-03T02:56:06","slug":"guarda-municipal-ambiental-divulga-balanco-semestral-de-acoes","status":"publish","type":"post","link":"https:\/\/diarioregionaldigital.com.br\/?p=93078","title":{"rendered":"Guarda Municipal Ambiental divulga balan\u00e7o semestral de a\u00e7\u00f5es"},"content":{"rendered":"<p>Rondas preventivas, acompanhamento de visitantes, recolhimento de animais silvestres, realiza\u00e7\u00e3o de trilhas ecol\u00f3gicas e apoio a outros \u00f3rg\u00e3os foram algumas das atividades realizadas pela equipe da Guarda Municipal Ambiental (GMA), entre agosto de 2017 e janeiro deste ano. Durante o per\u00edodo foram 273 a\u00e7\u00f5es de prote\u00e7\u00e3o ao meio ambiente. A GMA \u00e9 um grupamento da Guarda Municipal, com sede no Parque da Lajinha, respons\u00e1vel por a\u00e7\u00f5es preventivas, dentro e fora da unidade de conserva\u00e7\u00e3o. De acordo com a lei de cria\u00e7\u00e3o da Guarda Municipal (n\u00ba 11.206\/06), \u00e9 atribui\u00e7\u00e3o do \u00f3rg\u00e3o a prote\u00e7\u00e3o ao meio ambiente em \u00e1reas verdes sob responsabilidade do munic\u00edpio.<\/p>\n<p>As a\u00e7\u00f5es de apoio direto \u00e0 Secretaria de Meio Ambiente (SMA) foram as que prevaleceram nos \u00edndices de atendimento da equipe, com 106 registros. S\u00e3o deslocamentos com servidores para manuten\u00e7\u00e3o de aceiros, transporte de mudas, participa\u00e7\u00e3o em eventos, como soltura de alevinos no Rio do Peixe. Esta intera\u00e7\u00e3o das equipes da Guarda e da SMA \u00e9 pr\u00e1tica comum, diante da converg\u00eancia de suas atividades.<\/p>\n<p>\u201cNo Parque da Lajinha \u00e9 grande tamb\u00e9m a procura de grupos diversos, como estudantes, projetos sociais e idosos, para passeios ecol\u00f3gicos. Nestes casos, a GMA recepciona os visitantes e orienta sobre os atrativos do parque, conduzindo-os, ap\u00f3s palestra de instru\u00e7\u00e3o ambiental, a caminhada por trilhas diferenciadas. Todo o trabalho \u00e9 pautado na preserva\u00e7\u00e3o da fauna e flora, bem como na garantia do direito de uso do espa\u00e7o p\u00fablico por todos\u201d, explicou o supervisor da GMA, Denilson Luiz. Somente no \u00faltimo semestre, a equipe fez 67 acompanhamentos desta natureza. Tamb\u00e9m, neste per\u00edodo, a GMA realizou 20 rondas preventivas em \u00e1reas verdes do munic\u00edpio, e participou de cinco a\u00e7\u00f5es educativas, alertando sobre o risco de inc\u00eandio nos per\u00edodos de estiagem. Cinco animais da fauna silvestre foram encaminhados ao Instituto Brasileiro do Meio Ambiente e dos Recursos Naturais Renov\u00e1veis (Ibama) e 26 infra\u00e7\u00f5es \u00e0s normas do parque foram registradas.<\/p>\n<p>Diversos projetos foram realizados pela GMA, como a manuten\u00e7\u00e3o da \u201cEsta\u00e7\u00e3o Verde\u201d, dentro do Parque da Lajinha. A extens\u00e3o deste trabalho teve repercuss\u00f5es na Creche Comunit\u00e1ria do Bairro Vila Ideal, onde as crian\u00e7as aprenderam a plantar e cuidar da hortinha. E os la\u00e7os de rela\u00e7\u00e3o com a crian\u00e7ada aumentaram, com a execu\u00e7\u00e3o do projeto \u201cSou Amigo da Guarda Municipal\u201d, que ofereceu de presente, no Dia das Crian\u00e7as, fotos personalizadas e livros para os pequenos. A equipe ainda promoveu duas exposi\u00e7\u00f5es fotogr\u00e1ficas: uma em agosto, dentro da programa\u00e7\u00e3o do \u201cDia Nacional do Patrim\u00f4nio\u201d, e outra em setembro, em comemora\u00e7\u00e3o ao \u201cDia da \u00c1rvore\u201d. Soma-se a isso o trabalho de identifica\u00e7\u00e3o de esp\u00e9cies, com a coloca\u00e7\u00e3o de placas, para que os visitantes possam conhecer e perceber as diferen\u00e7as entre as \u00e1rvores.<\/p>\n<p>&nbsp;<\/p>\n<h4>GMA NO PARQUE DA LAJINHA<\/h4>\n<p>Desde 2013, a GMA desenvolve trabalho de monitoramento das condi\u00e7\u00f5es gerais do Parque Lajinha, uma Unidade de Conserva\u00e7\u00e3o Ambiental (UC), que por isso possui algumas restri\u00e7\u00f5es de uso, como proibi\u00e7\u00e3o de consumo de bebidas alco\u00f3licas em seu interior, entrada de animais dom\u00e9sticos e uso de qualquer tipo de material inciner\u00e1vel, inclusive cigarros. A equipe orienta os frequentadores sobre essas regras, organizando e proporcionando mais seguran\u00e7a \u00e0s pessoas, ao coibir tamb\u00e9m atos il\u00edcitos. Hoje, o Parque da Lajinha pode ser considerado um dos principais pontos tur\u00edsticos da cidade, onde o visitante tem a seu dispor beleza natural, ambiente apraz\u00edvel e seguran\u00e7a para realizar suas atividades de lazer. E \u00e9 para manter essa seguran\u00e7a que a Guarda Municipal est\u00e1 presente nesta Unidade de Conserva\u00e7\u00e3o da Natureza.<\/p>\n<p>&nbsp;<\/p>\n<h4>BRIGADA DE INC\u00caNDIO FLORESTAL<\/h4>\n<p>Em 2011 foi criada a Brigada de Combate a Inc\u00eandios Florestais da Guarda. Os equipamentos utilizados foram doados pela ent\u00e3o Agenda-JF, e o treinamento ficou sob responsabilidade do Corpo de Bombeiros Militar. A brigada \u00e9 mais uma varia\u00e7\u00e3o do trabalho mantido pela GMA. Nos \u00faltimos seis meses, nenhum inc\u00eandio foi registrado.<\/p>\n<p>&nbsp;<\/p>\n<p>Fonte: Assessoria<\/p>\n","protected":false},"excerpt":{"rendered":"<p>Rondas preventivas, acompanhamento de visitantes, recolhimento de animais silvestres, realiza\u00e7\u00e3o de trilhas ecol\u00f3gicas e apoio a outros \u00f3rg\u00e3os foram algumas das atividades realizadas pela equipe da Guarda Municipal Ambiental (GMA), entre agosto de 2017 e janeiro deste ano. Durante o per\u00edodo foram 273 a\u00e7\u00f5es de prote\u00e7\u00e3o ao meio ambiente. A GMA \u00e9 um grupamento da [&hellip;]<\/p>\n","protected":false},"author":96,"featured_media":93077,"comment_status":"closed","ping_status":"closed","sticky":false,"template":"","format":"standard","meta":{"footnotes":""},"categories":[253],"tags":[],"class_list":["post-93078","post","type-post","status-publish","format-standard","has-post-thumbnail","hentry","category-cidade"],"_links":{"self":[{"href":"https:\/\/diarioregionaldigital.com.br\/index.php?rest_route=\/wp\/v2\/posts\/93078","targetHints":{"allow":["GET"]}}],"collection":[{"href":"https:\/\/diarioregionaldigital.com.br\/index.php?rest_route=\/wp\/v2\/posts"}],"about":[{"href":"https:\/\/diarioregionaldigital.com.br\/index.php?rest_route=\/wp\/v2\/types\/post"}],"author":[{"embeddable":true,"href":"https:\/\/diarioregionaldigital.com.br\/index.php?rest_route=\/wp\/v2\/users\/96"}],"replies":[{"embeddable":true,"href":"https:\/\/diarioregionaldigital.com.br\/index.php?rest_route=%2Fwp%2Fv2%2Fcomments&post=93078"}],"version-history":[{"count":0,"href":"https:\/\/diarioregionaldigital.com.br\/index.php?rest_route=\/wp\/v2\/posts\/93078\/revisions"}],"wp:featuredmedia":[{"embeddable":true,"href":"https:\/\/diarioregionaldigital.com.br\/index.php?rest_route=\/wp\/v2\/media\/93077"}],"wp:attachment":[{"href":"https:\/\/diarioregionaldigital.com.br\/index.php?rest_route=%2Fwp%2Fv2%2Fmedia&parent=93078"}],"wp:term":[{"taxonomy":"category","embeddable":true,"href":"https:\/\/diarioregionaldigital.com.br\/index.php?rest_route=%2Fwp%2Fv2%2Fcategories&post=93078"},{"taxonomy":"post_tag","embeddable":true,"href":"https:\/\/diarioregionaldigital.com.br\/index.php?rest_route=%2Fwp%2Fv2%2Ftags&post=93078"}],"curies":[{"name":"wp","href":"https:\/\/api.w.org\/{rel}","templated":true}]}}