{"id":93076,"date":"2018-03-02T23:28:56","date_gmt":"2018-03-03T02:28:56","guid":{"rendered":"http:\/\/diarioregionaljf.com.br\/2018\/03\/02\/senac-oferece-palestras-e-workshops-gratuitos-no-mes-da-mulher\/"},"modified":"2018-03-02T23:28:56","modified_gmt":"2018-03-03T02:28:56","slug":"senac-oferece-palestras-e-workshops-gratuitos-no-mes-da-mulher","status":"publish","type":"post","link":"https:\/\/diarioregionaldigital.com.br\/?p=93076","title":{"rendered":"Senac oferece palestras e workshops gratuitos no m\u00eas da mulher"},"content":{"rendered":"<p>O protagonismo feminino cresce a cada dia e vem sendo demonstrado das mais diversas maneiras. A \u00faltima Pesquisa Nacional por Amostra de Domic\u00edlios (PNAD) revelou que 2,4 milh\u00f5es de mulheres passaram a exercer a fun\u00e7\u00e3o de chefe de fam\u00edlia no pa\u00eds. E o empreendedorismo foi uma das formas encontradas para se realizar profissionalmente e melhorar a renda familiar. De acordo com pesquisa do Sebrae-MG, divulgada no ano passado, as mineiras representam 46,8% dos microempreendedores individuais no estado, chegando a 344,5 mil. Com intuito de estimular ainda mais a qualifica\u00e7\u00e3o t\u00e9cnica e gerar oportunidades de neg\u00f3cio, durante o m\u00eas da mulher o Senac oferece uma programa\u00e7\u00e3o de palestras e workshops gratuitos direcionada a esse p\u00fablico. As atividades acontecem a partir de segunda-feira,5, nas unidades do estado.<\/p>\n<p>Neste ano, as a\u00e7\u00f5es est\u00e3o focadas no consumo colaborativo, conceito que tem gerado novos modelos econ\u00f4micos, criando oportunidades de trabalho, viabilizando neg\u00f3cios e proporcionando ganhos para empres\u00e1rios driblarem a crise financeira. A gerente de produtos em Moda e Beleza do Senac, Patr\u00edcia Carvalhais, explica que essa \u00e9 uma forma de consumo a partir de uma nova \u00f3tica, que traz para o com\u00e9rcio novas solu\u00e7\u00f5es de gest\u00e3o e vendas.<\/p>\n<p>\u201cSe uma costureira investir sozinha em todas as m\u00e1quinas necess\u00e1rias &#8211; overloque, galoneira, entre outras &#8211; ela ter\u00e1 dificuldade em abrir o seu neg\u00f3cio. Mas se encontrar outras profissionais que j\u00e1 tenham os demais equipamentos, o neg\u00f3cio torna-se mais vi\u00e1vel. \u00c9 este tamb\u00e9m o modelo decoworking, no qual v\u00e1rias pessoas compartilham o mesmo espa\u00e7o de trabalho visando a economia. E, ainda, lojas que abrem espa\u00e7o para que outras marcas vendam seus produtos no mesmo local. As pessoas continuam consumindo, mas essas novas solu\u00e7\u00f5es geram uma melhoria para toda a cadeia, da produ\u00e7\u00e3o \u00e0 venda\u201d, explicou Patr\u00edcia. Segundo ela, este ano, a programa\u00e7\u00e3o do Senac tem o objetivo de agu\u00e7ar o olhar da mulher para as oportunidades geradas pela proposta da colabora\u00e7\u00e3o.<\/p>\n<p>Toda a programa\u00e7\u00e3o \u00e9 gratuita e tem vagas limitadas. Outras informa\u00e7\u00f5es, assim como a programa\u00e7\u00e3o completa do evento, est\u00e3o dispon\u00edveis pelo <a href=\"http:\/\/www.mg.senac.br\/internet\/arquivos\/semana-mulher-2018\/default.html\" target=\"_blank\" rel=\"noopener noreferrer\">site do Senac<\/a> ou pelo telefone 0800 724 4440. As inscri\u00e7\u00f5es devem ser feitas antecipadamente <a href=\"http:\/\/cursos.mg.senac.br.\/\" target=\"_blank\" rel=\"noopener noreferrer\">pela internet<\/a>.<\/p>\n<p>&nbsp;<\/p>\n<p><strong>Confira a programa\u00e7\u00e3o da regi\u00e3o:<\/strong><\/p>\n<p><strong>&#8211; Juiz de Fora<\/strong><\/p>\n<p>*08\/03 \u00e0s 13h<br \/>Workshop: Automaquiagem Diurna: Um Toque de Beleza<br \/>Senac em Juiz de Fora (Av. Bar\u00e3o do Rio Branco, n\u00ba 3.330)<\/p>\n<p>*08\/03 \u00e0s 13h<br \/>Workshop: T\u00e9cnicas de Pin\u00e7amento de Sobrancelhas<br \/>Senac em Juiz de Fora (Av. Bar\u00e3o do Rio Branco, n\u00b03.330)<\/p>\n<p>&nbsp;<\/p>\n<p>&#8211; <strong>Barbacena<\/strong><\/p>\n<p>*08\/03 \u00e0s 19h<br \/>Palestra: O poder dos influenciadores digitais no mercado da moda e beleza<br \/>Faculdade Senac \u2013 Barbacena (Rua Cruz das almas, s\/n)<\/p>\n<p>*08\/03 \u00e0s 19h<br \/>Palestra: Cabelo: Uma quest\u00e3o de bem estar<br \/>Faculdade Senac \u2013 Barbacena (Rua Cruz das almas, s\/n)<\/p>\n<p>&nbsp;<\/p>\n<p>&#8211; <strong>Conselheiro Lafaiete<\/strong><\/p>\n<p>*06\/03 \u00e0s 19h<br \/>Palestra: Planejamento Financeiro Familiar: Armadilhas que levam ao endividamento<br \/>Senac em Conselheiro Lafaiete &#8211; Centro (Rua Tavares de Melo, n\u00ba 630)<\/p>\n<p>*07\/03 \u00e0s 19h<br \/>Atendimento de Quick Massagem<br \/>Senac em Conselheiro Lafaiete &#8211; Centro (Rua Tavares de Melo, n\u00ba 630)<\/p>\n<p>*07\/03 \u00e0s 19h<br \/>Workshop: Auto Maquiagem<br \/>Senac em Conselheiro Lafaiete &#8211; Museu (Rua Quincas Alves, n\u00ba 55)<\/p>\n<p>*08\/03 \u00e0s 19h<br \/>Workshop: Penteados Pr\u00e1ticos e R\u00e1pidos<br \/>Senac em Conselheiro Lafaiete &#8211; Museu (Rua Quincas Alves, n\u00ba 55)<\/p>\n<p>* 08\/03 \u00e0s 19h<br \/>Atendimento de Higieniza\u00e7\u00e3o Facial<br \/>Senac em Conselheiro Lafaiete &#8211; Museu (Rua Quincas Alves, n\u00ba 55)<\/p>\n<p>&nbsp;<\/p>\n<p>Fonte: Assessoria<\/p>\n","protected":false},"excerpt":{"rendered":"<p>O protagonismo feminino cresce a cada dia e vem sendo demonstrado das mais diversas maneiras. A \u00faltima Pesquisa Nacional por Amostra de Domic\u00edlios (PNAD) revelou que 2,4 milh\u00f5es de mulheres passaram a exercer a fun\u00e7\u00e3o de chefe de fam\u00edlia no pa\u00eds. E o empreendedorismo foi uma das formas encontradas para se realizar profissionalmente e melhorar [&hellip;]<\/p>\n","protected":false},"author":96,"featured_media":93075,"comment_status":"closed","ping_status":"closed","sticky":false,"template":"","format":"standard","meta":{"footnotes":""},"categories":[252],"tags":[],"class_list":["post-93076","post","type-post","status-publish","format-standard","has-post-thumbnail","hentry","category-regiao"],"_links":{"self":[{"href":"https:\/\/diarioregionaldigital.com.br\/index.php?rest_route=\/wp\/v2\/posts\/93076","targetHints":{"allow":["GET"]}}],"collection":[{"href":"https:\/\/diarioregionaldigital.com.br\/index.php?rest_route=\/wp\/v2\/posts"}],"about":[{"href":"https:\/\/diarioregionaldigital.com.br\/index.php?rest_route=\/wp\/v2\/types\/post"}],"author":[{"embeddable":true,"href":"https:\/\/diarioregionaldigital.com.br\/index.php?rest_route=\/wp\/v2\/users\/96"}],"replies":[{"embeddable":true,"href":"https:\/\/diarioregionaldigital.com.br\/index.php?rest_route=%2Fwp%2Fv2%2Fcomments&post=93076"}],"version-history":[{"count":0,"href":"https:\/\/diarioregionaldigital.com.br\/index.php?rest_route=\/wp\/v2\/posts\/93076\/revisions"}],"wp:featuredmedia":[{"embeddable":true,"href":"https:\/\/diarioregionaldigital.com.br\/index.php?rest_route=\/wp\/v2\/media\/93075"}],"wp:attachment":[{"href":"https:\/\/diarioregionaldigital.com.br\/index.php?rest_route=%2Fwp%2Fv2%2Fmedia&parent=93076"}],"wp:term":[{"taxonomy":"category","embeddable":true,"href":"https:\/\/diarioregionaldigital.com.br\/index.php?rest_route=%2Fwp%2Fv2%2Fcategories&post=93076"},{"taxonomy":"post_tag","embeddable":true,"href":"https:\/\/diarioregionaldigital.com.br\/index.php?rest_route=%2Fwp%2Fv2%2Ftags&post=93076"}],"curies":[{"name":"wp","href":"https:\/\/api.w.org\/{rel}","templated":true}]}}