{"id":93074,"date":"2018-03-02T22:58:00","date_gmt":"2018-03-03T01:58:00","guid":{"rendered":"http:\/\/diarioregionaljf.com.br\/2018\/03\/02\/quatro-sao-presos-durante-operacao-de-repressao-ao-trafico-de-drogas-em-alem-paraiba\/"},"modified":"2018-03-02T22:58:00","modified_gmt":"2018-03-03T01:58:00","slug":"quatro-sao-presos-durante-operacao-de-repressao-ao-trafico-de-drogas-em-alem-paraiba","status":"publish","type":"post","link":"https:\/\/diarioregionaldigital.com.br\/?p=93074","title":{"rendered":"Quatro s\u00e3o presos durante opera\u00e7\u00e3o de repress\u00e3o ao tr\u00e1fico de drogas em Al\u00e9m Para\u00edba"},"content":{"rendered":"<p>Quatro homens, com idades entre 21 e 59 anos, foram presos por suspeita de tr\u00e1fico de drogas durante opera\u00e7\u00e3o da Pol\u00edcia Civil (PC) em Al\u00e9m Para\u00edba (a aproximadamente 26Km de JF), nesta sexta-feira, 2. De acordo com informa\u00e7\u00f5es da PC, ap\u00f3s um m\u00eas de investiga\u00e7\u00e3o, policiais da 28\u00aa Delegacia identificaram dois locais de estocagem de entorpecentes na cidade. O material seria, posteriormente, revendido nos Bairros Goiabal e Vila Caxias.<\/p>\n<p>A a\u00e7\u00e3o tamb\u00e9m resultou na apreens\u00e3o de drogas, facas e materiais de embalo das subst\u00e2ncias.<\/p>\n<p>Um dos mandados de busca e apreens\u00e3o foi cumprido no bairro Vila Caxias em desfavor de um homem de 59 anos. No local, foram localizados uma barra de maconha e um pote contendo coca\u00edna, al\u00e9m de droga pronta para venda.<\/p>\n<p>O cumprimento do segundo mandado foi na resid\u00eancia de um homem de 34 anos, no bairro Goiabal. Ao perceber a presen\u00e7a dos investigadores, o suspeito retornou ao interior do im\u00f3vel e n\u00e3o acatou a ordem para abrir a porta. Pela porta dos fundos da casa, ele arremessou uma sacola em outro terreno, mas acabou sendo detido pelos policiais. Al\u00e9m dele, outros dois homens, de 21 e 27 anos, foram presos no local.<\/p>\n<p>No interior da sacola arremessada havia um tablete grande e 17 buchas de maconha, 54 inv\u00f3lucros contendo coca\u00edna e 16 pedras de crack. Al\u00e9m das subst\u00e2ncias, tamb\u00e9m foram apreendidos diversos materiais usados no preparo e acondicionamento de drogas.<\/p>\n<p>Ainda segundo informa\u00e7\u00f5es da PC, no bolso do suspeito mais jovem foram encontrados tr\u00eas inv\u00f3lucros contendo coca\u00edna e, em sua boca, certa quantidade de maconha. Durante buscas no interior da casa foi localziada, em um arm\u00e1rio da cozinha, uma sacola branca contendo 50 inv\u00f3lucros de coca\u00edna e 20 inv\u00f3lucros com maconha.<\/p>\n<p>&nbsp;<\/p>\n<p>Da reda\u00e7\u00e3o\/Colabora\u00e7\u00e3o Assessoria<\/p>\n","protected":false},"excerpt":{"rendered":"<p>Quatro homens, com idades entre 21 e 59 anos, foram presos por suspeita de tr\u00e1fico de drogas durante opera\u00e7\u00e3o da Pol\u00edcia Civil (PC) em Al\u00e9m Para\u00edba (a aproximadamente 26Km de JF), nesta sexta-feira, 2. De acordo com informa\u00e7\u00f5es da PC, ap\u00f3s um m\u00eas de investiga\u00e7\u00e3o, policiais da 28\u00aa Delegacia identificaram dois locais de estocagem de [&hellip;]<\/p>\n","protected":false},"author":96,"featured_media":93073,"comment_status":"closed","ping_status":"closed","sticky":false,"template":"","format":"standard","meta":{"footnotes":""},"categories":[252],"tags":[],"class_list":["post-93074","post","type-post","status-publish","format-standard","has-post-thumbnail","hentry","category-regiao"],"_links":{"self":[{"href":"https:\/\/diarioregionaldigital.com.br\/index.php?rest_route=\/wp\/v2\/posts\/93074","targetHints":{"allow":["GET"]}}],"collection":[{"href":"https:\/\/diarioregionaldigital.com.br\/index.php?rest_route=\/wp\/v2\/posts"}],"about":[{"href":"https:\/\/diarioregionaldigital.com.br\/index.php?rest_route=\/wp\/v2\/types\/post"}],"author":[{"embeddable":true,"href":"https:\/\/diarioregionaldigital.com.br\/index.php?rest_route=\/wp\/v2\/users\/96"}],"replies":[{"embeddable":true,"href":"https:\/\/diarioregionaldigital.com.br\/index.php?rest_route=%2Fwp%2Fv2%2Fcomments&post=93074"}],"version-history":[{"count":0,"href":"https:\/\/diarioregionaldigital.com.br\/index.php?rest_route=\/wp\/v2\/posts\/93074\/revisions"}],"wp:featuredmedia":[{"embeddable":true,"href":"https:\/\/diarioregionaldigital.com.br\/index.php?rest_route=\/wp\/v2\/media\/93073"}],"wp:attachment":[{"href":"https:\/\/diarioregionaldigital.com.br\/index.php?rest_route=%2Fwp%2Fv2%2Fmedia&parent=93074"}],"wp:term":[{"taxonomy":"category","embeddable":true,"href":"https:\/\/diarioregionaldigital.com.br\/index.php?rest_route=%2Fwp%2Fv2%2Fcategories&post=93074"},{"taxonomy":"post_tag","embeddable":true,"href":"https:\/\/diarioregionaldigital.com.br\/index.php?rest_route=%2Fwp%2Fv2%2Ftags&post=93074"}],"curies":[{"name":"wp","href":"https:\/\/api.w.org\/{rel}","templated":true}]}}