{"id":93072,"date":"2018-03-02T22:12:00","date_gmt":"2018-03-03T01:12:00","guid":{"rendered":"http:\/\/diarioregionaljf.com.br\/2018\/03\/02\/japao-apresenta-mascotes-para-as-olimpiadas-de-2020\/"},"modified":"2018-03-02T22:12:00","modified_gmt":"2018-03-03T01:12:00","slug":"japao-apresenta-mascotes-para-as-olimpiadas-de-2020","status":"publish","type":"post","link":"https:\/\/diarioregionaldigital.com.br\/?p=93072","title":{"rendered":"Jap\u00e3o apresenta mascotes para as olimp\u00edadas de 2020"},"content":{"rendered":"<p>O Comit\u00ea Organizador da&nbsp;Olimpiadas de Tokio 2020&nbsp;apresentou nesta quarta-feira, 28, as mascotes&nbsp;escolhidas para os Jogos Ol\u00edmpicos e Paral\u00edmpicos: personagens ao estilo mang\u00e1 e com \u201csuperpoderes\u201d. Pela primeira vez na hist\u00f3ria os desenhos foram escolhidos por crian\u00e7as. A dupla de mascotes A, que ainda n\u00e3o recebeu nome, ganhou a vota\u00e7\u00e3o com grande vantagem, com mais de 100.000 votos em quase 16.700 escolas do Jap\u00e3o. A vota\u00e7\u00e3o tinha outras duas duplas na disputa. As mascotes vencedoras receberam um total de 109.041 votos, quase o dobro dos 61.423 do segundo lugar, que apresentava um estilo mais tradicional, representando o fogo e o vento, e muito longe da terceira colocada (35.291), composta por uma raposa \u2013 kitsune \u2013 e o guaxinim \u2013 tanuki -, duas criaturas do folclore japon\u00eas.<\/p>\n<p>De cor azul para os Jogos Ol\u00edmpicos e rosa para os Jogos Paral\u00edmpicos, os \u201cyuru-kyara\u201d (mascotes em japon\u00eas) possuem poderes m\u00e1gicos que permitem \u201co deslocamento instant\u00e2neo\u201d a qualquer lugar na vers\u00e3o ol\u00edmpica e falar com o vento e as rochas, al\u00e9m de deslocar objetos com o olhar, na vers\u00e3o paral\u00edmpica.<\/p>\n<p>O Jap\u00e3o recebeu mais de dois mil projetos de mascotes para&nbsp;T\u00f3quio 2020&nbsp;, mas apenas tr\u00eas casais foram escolhidos para a final. Os finalistas foram apresentados para mais de 100 estudantes de uma escola da capital japonesa.<\/p>\n<p>O par vencedor foi criado pelo designer Ryo Taniguchi, 43, da Prefeitura de Fukuoka. De cor azul para os Jogos Ol\u00edmpicos e rosa para os Jogos Paral\u00edmpicos, os \u201cyuru-kyara\u201d (mascotes em japon\u00eas) possuem poderes m\u00e1gicos que permitem \u201co deslocamento instant\u00e2neo\u201d a qualquer lugar na vers\u00e3o ol\u00edmpica e falar com o vento e as rochas, al\u00e9m de deslocar objetos com o olhar, na vers\u00e3o paral\u00edmpica.<\/p>\n<p>A dupla de mascotes ainda n\u00e3o possuem nomes definidos, que devem ser escolhidos por redatores e outros profissionais anunciados em julho ou agosto.<\/p>\n<p>Os Jogos Ol\u00edmpicos de T\u00f3quio acontecer\u00e3o entre os dias 24 de julho e 9 de agosto de 2020.<\/p>\n","protected":false},"excerpt":{"rendered":"<p>O Comit\u00ea Organizador da&nbsp;Olimpiadas de Tokio 2020&nbsp;apresentou nesta quarta-feira, 28, as mascotes&nbsp;escolhidas para os Jogos Ol\u00edmpicos e Paral\u00edmpicos: personagens ao estilo mang\u00e1 e com \u201csuperpoderes\u201d. Pela primeira vez na hist\u00f3ria os desenhos foram escolhidos por crian\u00e7as. A dupla de mascotes A, que ainda n\u00e3o recebeu nome, ganhou a vota\u00e7\u00e3o com grande vantagem, com mais de [&hellip;]<\/p>\n","protected":false},"author":96,"featured_media":93071,"comment_status":"closed","ping_status":"closed","sticky":false,"template":"","format":"standard","meta":{"footnotes":""},"categories":[257],"tags":[],"class_list":["post-93072","post","type-post","status-publish","format-standard","has-post-thumbnail","hentry","category-esporte"],"_links":{"self":[{"href":"https:\/\/diarioregionaldigital.com.br\/index.php?rest_route=\/wp\/v2\/posts\/93072","targetHints":{"allow":["GET"]}}],"collection":[{"href":"https:\/\/diarioregionaldigital.com.br\/index.php?rest_route=\/wp\/v2\/posts"}],"about":[{"href":"https:\/\/diarioregionaldigital.com.br\/index.php?rest_route=\/wp\/v2\/types\/post"}],"author":[{"embeddable":true,"href":"https:\/\/diarioregionaldigital.com.br\/index.php?rest_route=\/wp\/v2\/users\/96"}],"replies":[{"embeddable":true,"href":"https:\/\/diarioregionaldigital.com.br\/index.php?rest_route=%2Fwp%2Fv2%2Fcomments&post=93072"}],"version-history":[{"count":0,"href":"https:\/\/diarioregionaldigital.com.br\/index.php?rest_route=\/wp\/v2\/posts\/93072\/revisions"}],"wp:featuredmedia":[{"embeddable":true,"href":"https:\/\/diarioregionaldigital.com.br\/index.php?rest_route=\/wp\/v2\/media\/93071"}],"wp:attachment":[{"href":"https:\/\/diarioregionaldigital.com.br\/index.php?rest_route=%2Fwp%2Fv2%2Fmedia&parent=93072"}],"wp:term":[{"taxonomy":"category","embeddable":true,"href":"https:\/\/diarioregionaldigital.com.br\/index.php?rest_route=%2Fwp%2Fv2%2Fcategories&post=93072"},{"taxonomy":"post_tag","embeddable":true,"href":"https:\/\/diarioregionaldigital.com.br\/index.php?rest_route=%2Fwp%2Fv2%2Ftags&post=93072"}],"curies":[{"name":"wp","href":"https:\/\/api.w.org\/{rel}","templated":true}]}}