{"id":93068,"date":"2018-03-02T22:07:21","date_gmt":"2018-03-03T01:07:21","guid":{"rendered":"http:\/\/diarioregionaljf.com.br\/2018\/03\/02\/brasileira-e-eliminada-no-mundial-de-atletismo-por-centimetro-de-diferenca\/"},"modified":"2018-03-02T22:07:21","modified_gmt":"2018-03-03T01:07:21","slug":"brasileira-e-eliminada-no-mundial-de-atletismo-por-centimetro-de-diferenca","status":"publish","type":"post","link":"https:\/\/diarioregionaldigital.com.br\/?p=93068","title":{"rendered":"Brasileira \u00e9 eliminada no Mundial de Atletismo por cent\u00edmetro de diferen\u00e7a"},"content":{"rendered":"<p>O Brasil n\u00e3o teve um bom in\u00edcio no Mundial de Atletismo Indoor. A brasileira Ros\u00e2ngela Santos teve o tempo de 7s32 mas decepcionou e ficou fora das semifinais. Quarta colocada na sua bateria, a Recordista sul-americana nos 60 metros livre ficou apenas um cent\u00e9simo de conseguir a classifica\u00e7\u00e3o, mas decepcionou e est\u00e1 fora das semifinais.<\/p>\n<p>A brasileira era uma das principais possibilidades de bom resultado no Mundial. Ros\u00e2ngela conseguiu a medalha de bronze no revezamento 4x100m nos Jogos de Pequim-2008 mas n\u00e3o teve um bom desempenho na sua estreia nesta sexta-feira.<\/p>\n<p>Para alcan\u00e7ar a vaga, Ros\u00e2ngela precisava ou ficar entre os tr\u00eas primeiros de sua bateria ou terminar com um dos seis melhores tempos no geral, o que n\u00e3o aconteceu por causa de um cent\u00e9simo, j\u00e1 que&nbsp;a brit\u00e2nica Bianca Williams e a su\u00ed\u00e7a Ajla Del Ponte, que fizeram 7s31.<\/p>\n<p>Quem tamb\u00e9m foi eliminada na estreia foi Vit\u00f3ria Rosa, que competiu na mesma prova, ficou logo atr\u00e1s na quinta posi\u00e7\u00e3o com o tempo de&nbsp;de 7s39 e tamb\u00e9m est\u00e1 fora das semifinais. A vencedora da prova foi&nbsp;a marfinense Marie-Jos\u00e9e Ta Lou, com o tempo de 7s17. J\u00e1 a jamaicana Elaine Thompson, com o tempo de 7s20, ficou na segunda posi\u00e7\u00e3o e fechou o p\u00f3dio.<\/p>\n<p>Mesmo com o mau resultado na estreia, o Brasil ainda pode ter bons resultados em Birmingham.&nbsp; N\u00fabia Soares competir\u00e1 no salto triplo e tamb\u00e9m no salto em dist\u00e2ncia, Darlan Romani estar\u00e1 no arremesso de peso, Gabriel Constantino nos 60m com barreiras, Thiago Braz (n\u00famero 2 no ranking mundial) no salto com vara e Almir J\u00fanior no salto triplo.<\/p>\n<p><strong>Fonte: COB <\/strong><\/p>\n","protected":false},"excerpt":{"rendered":"<p>O Brasil n\u00e3o teve um bom in\u00edcio no Mundial de Atletismo Indoor. A brasileira Ros\u00e2ngela Santos teve o tempo de 7s32 mas decepcionou e ficou fora das semifinais. Quarta colocada na sua bateria, a Recordista sul-americana nos 60 metros livre ficou apenas um cent\u00e9simo de conseguir a classifica\u00e7\u00e3o, mas decepcionou e est\u00e1 fora das semifinais. [&hellip;]<\/p>\n","protected":false},"author":96,"featured_media":93067,"comment_status":"closed","ping_status":"closed","sticky":false,"template":"","format":"standard","meta":{"footnotes":""},"categories":[257],"tags":[],"class_list":["post-93068","post","type-post","status-publish","format-standard","has-post-thumbnail","hentry","category-esporte"],"_links":{"self":[{"href":"https:\/\/diarioregionaldigital.com.br\/index.php?rest_route=\/wp\/v2\/posts\/93068","targetHints":{"allow":["GET"]}}],"collection":[{"href":"https:\/\/diarioregionaldigital.com.br\/index.php?rest_route=\/wp\/v2\/posts"}],"about":[{"href":"https:\/\/diarioregionaldigital.com.br\/index.php?rest_route=\/wp\/v2\/types\/post"}],"author":[{"embeddable":true,"href":"https:\/\/diarioregionaldigital.com.br\/index.php?rest_route=\/wp\/v2\/users\/96"}],"replies":[{"embeddable":true,"href":"https:\/\/diarioregionaldigital.com.br\/index.php?rest_route=%2Fwp%2Fv2%2Fcomments&post=93068"}],"version-history":[{"count":0,"href":"https:\/\/diarioregionaldigital.com.br\/index.php?rest_route=\/wp\/v2\/posts\/93068\/revisions"}],"wp:featuredmedia":[{"embeddable":true,"href":"https:\/\/diarioregionaldigital.com.br\/index.php?rest_route=\/wp\/v2\/media\/93067"}],"wp:attachment":[{"href":"https:\/\/diarioregionaldigital.com.br\/index.php?rest_route=%2Fwp%2Fv2%2Fmedia&parent=93068"}],"wp:term":[{"taxonomy":"category","embeddable":true,"href":"https:\/\/diarioregionaldigital.com.br\/index.php?rest_route=%2Fwp%2Fv2%2Fcategories&post=93068"},{"taxonomy":"post_tag","embeddable":true,"href":"https:\/\/diarioregionaldigital.com.br\/index.php?rest_route=%2Fwp%2Fv2%2Ftags&post=93068"}],"curies":[{"name":"wp","href":"https:\/\/api.w.org\/{rel}","templated":true}]}}