{"id":93066,"date":"2018-03-02T22:05:32","date_gmt":"2018-03-03T01:05:32","guid":{"rendered":"http:\/\/diarioregionaljf.com.br\/2018\/03\/02\/pjf-inaugura-campo-de-futebol-amador-no-sao-damiao\/"},"modified":"2018-03-02T22:05:32","modified_gmt":"2018-03-03T01:05:32","slug":"pjf-inaugura-campo-de-futebol-amador-no-sao-damiao","status":"publish","type":"post","link":"https:\/\/diarioregionaldigital.com.br\/?p=93066","title":{"rendered":"PJF inaugura campo de futebol amador no S\u00e3o Dami\u00e3o"},"content":{"rendered":"<p>A Prefeitura de Juiz de Fora (PJF), atrav\u00e9s da Secretaria de Esporte e Lazer (SEL), vai inaugurar, nesse domingo, 4, \u00e0s 9 horas, um novo campo de futebol de v\u00e1rzea, no Bairro S\u00e3o Dami\u00e3o (Rua Joaquim Ribeiro de Oliveira). A obra, or\u00e7ada em mais de R$ 190 mil, foi viabilizada gra\u00e7as a uma parceria entre a PJF, recursos trazidos pela deputada federal Margarida Salom\u00e3o e a iniciativa privada, atrav\u00e9s do Grupo Rezato.<\/p>\n<p> A partir de agora, os moradores da regi\u00e3o contar\u00e3o com um campo novo, cercado com alambrado e vesti\u00e1rios prontos para utiliza\u00e7\u00e3o, um incentivo ao esporte e lazer.<\/p>\n<p> A SEL j\u00e1 est\u00e1 criando, com representantes dos times de futebol do bairro, a Comiss\u00e3o Provis\u00f3ria de Administra\u00e7\u00e3o dos Espa\u00e7os Municipais, para realizar o processo de elei\u00e7\u00e3o da comiss\u00e3o permanente que vai gerir o campo. Em breve, o espa\u00e7o entrar\u00e1 no cronograma de atividades da Secretaria para competi\u00e7\u00f5es promovidas pela pasta.<\/p>\n","protected":false},"excerpt":{"rendered":"<p>A Prefeitura de Juiz de Fora (PJF), atrav\u00e9s da Secretaria de Esporte e Lazer (SEL), vai inaugurar, nesse domingo, 4, \u00e0s 9 horas, um novo campo de futebol de v\u00e1rzea, no Bairro S\u00e3o Dami\u00e3o (Rua Joaquim Ribeiro de Oliveira). A obra, or\u00e7ada em mais de R$ 190 mil, foi viabilizada gra\u00e7as a uma parceria entre [&hellip;]<\/p>\n","protected":false},"author":96,"featured_media":93065,"comment_status":"closed","ping_status":"closed","sticky":false,"template":"","format":"standard","meta":{"footnotes":""},"categories":[257],"tags":[],"class_list":["post-93066","post","type-post","status-publish","format-standard","has-post-thumbnail","hentry","category-esporte"],"_links":{"self":[{"href":"https:\/\/diarioregionaldigital.com.br\/index.php?rest_route=\/wp\/v2\/posts\/93066","targetHints":{"allow":["GET"]}}],"collection":[{"href":"https:\/\/diarioregionaldigital.com.br\/index.php?rest_route=\/wp\/v2\/posts"}],"about":[{"href":"https:\/\/diarioregionaldigital.com.br\/index.php?rest_route=\/wp\/v2\/types\/post"}],"author":[{"embeddable":true,"href":"https:\/\/diarioregionaldigital.com.br\/index.php?rest_route=\/wp\/v2\/users\/96"}],"replies":[{"embeddable":true,"href":"https:\/\/diarioregionaldigital.com.br\/index.php?rest_route=%2Fwp%2Fv2%2Fcomments&post=93066"}],"version-history":[{"count":0,"href":"https:\/\/diarioregionaldigital.com.br\/index.php?rest_route=\/wp\/v2\/posts\/93066\/revisions"}],"wp:featuredmedia":[{"embeddable":true,"href":"https:\/\/diarioregionaldigital.com.br\/index.php?rest_route=\/wp\/v2\/media\/93065"}],"wp:attachment":[{"href":"https:\/\/diarioregionaldigital.com.br\/index.php?rest_route=%2Fwp%2Fv2%2Fmedia&parent=93066"}],"wp:term":[{"taxonomy":"category","embeddable":true,"href":"https:\/\/diarioregionaldigital.com.br\/index.php?rest_route=%2Fwp%2Fv2%2Fcategories&post=93066"},{"taxonomy":"post_tag","embeddable":true,"href":"https:\/\/diarioregionaldigital.com.br\/index.php?rest_route=%2Fwp%2Fv2%2Ftags&post=93066"}],"curies":[{"name":"wp","href":"https:\/\/api.w.org\/{rel}","templated":true}]}}