{"id":93064,"date":"2018-03-02T21:59:15","date_gmt":"2018-03-03T00:59:15","guid":{"rendered":"http:\/\/diarioregionaljf.com.br\/2018\/03\/02\/lacres-de-aluminio-podem-ajudar-idosos-do-abrigo-santa-helena\/"},"modified":"2018-03-02T21:59:15","modified_gmt":"2018-03-03T00:59:15","slug":"lacres-de-aluminio-podem-ajudar-idosos-do-abrigo-santa-helena","status":"publish","type":"post","link":"https:\/\/diarioregionaldigital.com.br\/?p=93064","title":{"rendered":"Lacres de alum\u00ednio podem ajudar idosos do abrigo Santa Helena"},"content":{"rendered":"<p>Uma pequena parte de latinhas de refrigerante ou outras bebidas que para muitos n\u00e3o significa nada, pode ajudar idosos do abrigo Santa Helena. Atrav\u00e9s da campanha \u201cO Lacre Solid\u00e1rio\u201d, lacres de alum\u00ednio est\u00e3o sendo trocados por cadeiras de roda. Entretanto, para isso acontecer, s\u00e3o necess\u00e1rias 140 garrafas pet de dois litros cheias para a compra de uma cadeira.<\/p>\n<p>A a\u00e7\u00e3o, segundo o presidente do abrigo, Ant\u00f4nio Carlos da Silva Estev\u00e3o, j\u00e1 beneficiou mais de 100 pessoas. \u201cA campanha acontece h\u00e1 um ano. A ideia \u00e9 que ela seja perene. O abrigo conta com cerca de 100 cadeiras, mas nem todas est\u00e3o em bom estado. Novas, temos apenas umas 25, que s\u00e3o utilizadas para substituir as que est\u00e3o sendo utilizadas quando h\u00e1 algum imprevisto. O intuito da iniciativa \u00e9 comprar um lote maior por pre\u00e7o menor\u201d, explica.<\/p>\n<p>Segundo ele, a institui\u00e7\u00e3o n\u00e3o tem como arcar com o custo do equipamento, que \u00e9 vendido em lojas por cerca de R$400. \u201c\u00c9 dif\u00edcil comprar. Temos muitos cadeirantes. S\u00e3o 145 idosos atendidos pelo abrigo, sendo que quase 120 s\u00e3o dependentes de cuidados especiais e da cadeira\u201d, conta ele, acrescentando que neste per\u00edodo o abrigo j\u00e1 recebeu mais de 1000 garrafas, nas quais cabem cerca de 2.500 lacres. \u201cIsso mostra que \u00e9 imensur\u00e1vel a quantidade de lacre que as pessoas de Juiz de Fora produzem. A doa\u00e7\u00e3o faz parte de uma a\u00e7\u00e3o ecol\u00f3gica, pois na maioria das vezes esse material vai para o lixo\u201d, refor\u00e7a.<\/p>\n<p>De acordo com Estev\u00e3o, os lacres de alum\u00ednio podem ser entregues na sede da entidade, localizada na Avenida Francisco Valadares, n\u00ba 2.745, Vila Ideal. \u201cAs pessoas est\u00e3o convidadas a visitar o abrigo e tomar o \u2018melhor caf\u00e9\u2019 de Juiz de Fora\u201d, brincou. \u201cAqui, eles poder\u00e3o conhecer as atividades, como elas s\u00e3o realizadas, al\u00e9m de poder apresentar cr\u00edticas e sugest\u00f5es. Se n\u00e3o fosse a comunidade, certamente o abrigo estaria fechado. Por isso, temos interesse na presen\u00e7a de todos, para continuar fazendo o melhor\u201d, disse. Quem n\u00e3o puder se deslocar, pode entrar em contato pelo telefone 3235-1048 ou deixar na loja do Z\u00e9 Kodak (Rua Halfeld, n\u00ba 608, Centro).<\/p>\n<p>&nbsp;<\/p>\n<h4>O ABRIGO<\/h4>\n<p>O Abrigo Santa Helena foi fundado em 10 de outubro de 1915. \u00c9 uma institui\u00e7\u00e3o civil e filantr\u00f3pica que objetiva abrigar, sob regime de internamento, pessoas idosas carentes. A equipe \u00e9 composta por profissionais de diversas \u00e1reas, como m\u00e9dicos, fisioterapeutas, enfermeiros, fonoaudi\u00f3logos, psic\u00f3logos e assistentes sociais. S\u00e3o aceitos outros tipos de doa\u00e7\u00f5es: colch\u00f5es, cobertores, fraldas geri\u00e1tricas, roupas de cama, alimentos em geral, material de limpeza e higiene s\u00e3o as principais.<\/p>\n","protected":false},"excerpt":{"rendered":"<p>Uma pequena parte de latinhas de refrigerante ou outras bebidas que para muitos n\u00e3o significa nada, pode ajudar idosos do abrigo Santa Helena. Atrav\u00e9s da campanha \u201cO Lacre Solid\u00e1rio\u201d, lacres de alum\u00ednio est\u00e3o sendo trocados por cadeiras de roda. Entretanto, para isso acontecer, s\u00e3o necess\u00e1rias 140 garrafas pet de dois litros cheias para a compra [&hellip;]<\/p>\n","protected":false},"author":96,"featured_media":0,"comment_status":"closed","ping_status":"closed","sticky":false,"template":"","format":"standard","meta":{"footnotes":""},"categories":[253],"tags":[],"class_list":["post-93064","post","type-post","status-publish","format-standard","hentry","category-cidade"],"_links":{"self":[{"href":"https:\/\/diarioregionaldigital.com.br\/index.php?rest_route=\/wp\/v2\/posts\/93064","targetHints":{"allow":["GET"]}}],"collection":[{"href":"https:\/\/diarioregionaldigital.com.br\/index.php?rest_route=\/wp\/v2\/posts"}],"about":[{"href":"https:\/\/diarioregionaldigital.com.br\/index.php?rest_route=\/wp\/v2\/types\/post"}],"author":[{"embeddable":true,"href":"https:\/\/diarioregionaldigital.com.br\/index.php?rest_route=\/wp\/v2\/users\/96"}],"replies":[{"embeddable":true,"href":"https:\/\/diarioregionaldigital.com.br\/index.php?rest_route=%2Fwp%2Fv2%2Fcomments&post=93064"}],"version-history":[{"count":0,"href":"https:\/\/diarioregionaldigital.com.br\/index.php?rest_route=\/wp\/v2\/posts\/93064\/revisions"}],"wp:attachment":[{"href":"https:\/\/diarioregionaldigital.com.br\/index.php?rest_route=%2Fwp%2Fv2%2Fmedia&parent=93064"}],"wp:term":[{"taxonomy":"category","embeddable":true,"href":"https:\/\/diarioregionaldigital.com.br\/index.php?rest_route=%2Fwp%2Fv2%2Fcategories&post=93064"},{"taxonomy":"post_tag","embeddable":true,"href":"https:\/\/diarioregionaldigital.com.br\/index.php?rest_route=%2Fwp%2Fv2%2Ftags&post=93064"}],"curies":[{"name":"wp","href":"https:\/\/api.w.org\/{rel}","templated":true}]}}