{"id":93063,"date":"2018-03-02T21:18:36","date_gmt":"2018-03-03T00:18:36","guid":{"rendered":"http:\/\/diarioregionaljf.com.br\/2018\/03\/02\/rapaz-de-19-anos-e-preso-por-suspeita-de-homicidio-ocorrido-no-benfica\/"},"modified":"2018-03-02T21:18:36","modified_gmt":"2018-03-03T00:18:36","slug":"rapaz-de-19-anos-e-preso-por-suspeita-de-homicidio-ocorrido-no-benfica","status":"publish","type":"post","link":"https:\/\/diarioregionaldigital.com.br\/?p=93063","title":{"rendered":"Rapaz de 19 anos \u00e9 preso por suspeita de homic\u00eddio ocorrido no Benfica"},"content":{"rendered":"<p>Um rapaz de 19 anos, suspeito de ter cometido um homic\u00eddio ocorrido no dia 22 de novembro de 2017, no bairro Benfica, zona Norte, foi detido pela Pol\u00edcia Civil (PC) na manh\u00e3 de sexta-feira, 2. Segundo informa\u00e7\u00f5es da PC, ap\u00f3s dilig\u00eancias realizadas pela Delegacia Especializada de Homic\u00eddios (DEH), o jovem se apresentou \u00e0 pol\u00edcia. Ele foi preso em cumprimento a mandado de pris\u00e3o expedido pela Justi\u00e7a a pedido do Delegado Armando Avolio Neto.<\/p>\n<p>Ainda conforme informa\u00e7\u00f5es da Pol\u00edcia Civil, a motiva\u00e7\u00e3o do crime estaria ligada a uma rixa que j\u00e1 existia entre a v\u00edtima, de 18 anos, e o suspeito. Investiga\u00e7\u00f5es apontam que, no dia dos fatos, os dois estavam no interior de um \u00f4nibus da Linha Vila Esperan\u00e7a e o investigado teria feito provoca\u00e7\u00f5es. Posteriormente, a v\u00edtima desceu do coletivo para evitar a situa\u00e7\u00e3o, no entanto, o suspeito desceu em seguida e efetuou disparos de arma de fogo contra a mesma.<\/p>\n<p>O jovem detido foi encaminhado ao Sistema Prisional.<\/p>\n","protected":false},"excerpt":{"rendered":"<p>Um rapaz de 19 anos, suspeito de ter cometido um homic\u00eddio ocorrido no dia 22 de novembro de 2017, no bairro Benfica, zona Norte, foi detido pela Pol\u00edcia Civil (PC) na manh\u00e3 de sexta-feira, 2. Segundo informa\u00e7\u00f5es da PC, ap\u00f3s dilig\u00eancias realizadas pela Delegacia Especializada de Homic\u00eddios (DEH), o jovem se apresentou \u00e0 pol\u00edcia. Ele [&hellip;]<\/p>\n","protected":false},"author":96,"featured_media":93062,"comment_status":"closed","ping_status":"closed","sticky":false,"template":"","format":"standard","meta":{"footnotes":""},"categories":[253],"tags":[],"class_list":["post-93063","post","type-post","status-publish","format-standard","has-post-thumbnail","hentry","category-cidade"],"_links":{"self":[{"href":"https:\/\/diarioregionaldigital.com.br\/index.php?rest_route=\/wp\/v2\/posts\/93063","targetHints":{"allow":["GET"]}}],"collection":[{"href":"https:\/\/diarioregionaldigital.com.br\/index.php?rest_route=\/wp\/v2\/posts"}],"about":[{"href":"https:\/\/diarioregionaldigital.com.br\/index.php?rest_route=\/wp\/v2\/types\/post"}],"author":[{"embeddable":true,"href":"https:\/\/diarioregionaldigital.com.br\/index.php?rest_route=\/wp\/v2\/users\/96"}],"replies":[{"embeddable":true,"href":"https:\/\/diarioregionaldigital.com.br\/index.php?rest_route=%2Fwp%2Fv2%2Fcomments&post=93063"}],"version-history":[{"count":0,"href":"https:\/\/diarioregionaldigital.com.br\/index.php?rest_route=\/wp\/v2\/posts\/93063\/revisions"}],"wp:featuredmedia":[{"embeddable":true,"href":"https:\/\/diarioregionaldigital.com.br\/index.php?rest_route=\/wp\/v2\/media\/93062"}],"wp:attachment":[{"href":"https:\/\/diarioregionaldigital.com.br\/index.php?rest_route=%2Fwp%2Fv2%2Fmedia&parent=93063"}],"wp:term":[{"taxonomy":"category","embeddable":true,"href":"https:\/\/diarioregionaldigital.com.br\/index.php?rest_route=%2Fwp%2Fv2%2Fcategories&post=93063"},{"taxonomy":"post_tag","embeddable":true,"href":"https:\/\/diarioregionaldigital.com.br\/index.php?rest_route=%2Fwp%2Fv2%2Ftags&post=93063"}],"curies":[{"name":"wp","href":"https:\/\/api.w.org\/{rel}","templated":true}]}}