{"id":93061,"date":"2018-03-02T21:03:01","date_gmt":"2018-03-03T00:03:01","guid":{"rendered":"http:\/\/diarioregionaljf.com.br\/2018\/03\/02\/verao-traz-alerta-sobre-importancia-de-combater-o-aedes-aegypti\/"},"modified":"2018-03-02T21:03:01","modified_gmt":"2018-03-03T00:03:01","slug":"verao-traz-alerta-sobre-importancia-de-combater-o-aedes-aegypti","status":"publish","type":"post","link":"https:\/\/diarioregionaldigital.com.br\/?p=93061","title":{"rendered":"Ver\u00e3o traz alerta sobre import\u00e2ncia de combater o Aedes aegypti"},"content":{"rendered":"<p>A combina\u00e7\u00e3o de chuva e calor, caracter\u00edstica no ver\u00e3o, estabelece um cen\u00e1rio perfeito para a prolifera\u00e7\u00e3o do Aedes aegypt, mosquito transmissor de doen\u00e7as como dengue, zika, chikungunya e, em \u00e2mbito urbano, a febre amarela. A esta\u00e7\u00e3o traz um alerta para as autoridades de sa\u00fade e refor\u00e7a a import\u00e2ncia de combater o vetor. O Levantamento do \u00cdndice R\u00e1pido do Aedes aegypti (Liraa) realizado em janeiro evidencia ainda mais essa necessidade. Com resultado de 3,9%, o munic\u00edpio ficou no limite para declarar risco de surto, uma vez que o Minist\u00e9rio da Sa\u00fade classifica \u00edndice igual ou superior a 4% como alto risco de epidemia.<\/p>\n<p>De acordo com o coordenador geral de campo da Subsecretaria de Vigil\u00e2ncia em Sa\u00fade da Prefeitura de Juiz de Fora (PJF), Juvenal Marques Franco, 80% dos focos do mosquito Aedes aegypti est\u00e3o dentro das resid\u00eancias. \u201cNo ver\u00e3o, per\u00edodo de incid\u00eancia de chuvas, calor e umidade mais alta, a infesta\u00e7\u00e3o de insetos \u00e9 ainda maior. Por isso, \u00e9 interessante que as pessoas tomem os cuidados necess\u00e1rios tanto na esta\u00e7\u00e3o quanto ap\u00f3s ela, combatendo o Aedes e colaborando n\u00e3o s\u00f3 com a sa\u00fade da fam\u00edlia, mas com a do vizinho e do restante da popula\u00e7\u00e3o\u201d, afirma.<\/p>\n<p>Ele alerta para a import\u00e2ncia do combate dentro das casas. \u201c\u00c9 aquilo que sempre \u00e9 falado: apenas dez minutos na semana s\u00e3o suficientes para eliminar os focos. Evidente que se o morador puder repetir a a\u00e7\u00e3o por mais vezes \u00e9 melhor ainda. Ele deve fazer uma vistoria na resid\u00eancia, olhar calhas, n\u00e3o deixar materiais acumulados no fundo do quintal ou sobre as lajes, observar vasos de plantas, olhar atr\u00e1s da geladeira, ralos, tubos. \u00c9 uma a\u00e7\u00e3o r\u00e1pida que ajuda a exterminar os mosquitos\u201d, lembrou. \u201cEle estar\u00e1 combatendo a dengue, zika, chikungunya e a febre amarela, apesar de o ciclo que estamos vivenciando \u00e9 o silvestre, em que a doen\u00e7a \u00e9 transmitida em \u00e1reas de mata, pelos mosquitos Haemagogus e Sabethes. Mas \u00e9 importante prevenir o Aedes, que infecta as pessoas na forma urbana da doen\u00e7a\u201d, acrescenta.<\/p>\n<p>&nbsp;<\/p>\n<h4>DIA NACIONAL DE COMBATE AO AEDES<\/h4>\n<p>As sextas-feiras de cada semana t\u00eam sido escolhidas como Dia Nacional de Combate ao Aedes aegypti pelo Minist\u00e9rio da Sa\u00fade. Em todo o pa\u00eds, o Governo, em parceria com os estados e os munic\u00edpios, realiza uma s\u00e9rie de a\u00e7\u00f5es para conscientizar sobre a import\u00e2ncia de eliminar os focos do mosquito. S\u00e3o previstas distribui\u00e7\u00e3o de material educativo, visitas domiciliares, mutir\u00f5es de limpeza realizados pelos agentes de sa\u00fade, exposi\u00e7\u00f5es educativas em escolas, entre outras a\u00e7\u00f5es voltadas para a comunidade local.<\/p>\n<p>De acordo com o Minist\u00e9rio, em 2018 os resultados t\u00eam se mostrado positivos. At\u00e9 3 de fevereiro, cerca de 22,5 mil casos prov\u00e1veis de dengue foram registrados em todo o Brasil, n\u00famero 39% menor que durante o mesmo per\u00edodo do ano passado (31,5 mil).<\/p>\n<p>&nbsp;<\/p>\n<h4>AEDES DO BEM<\/h4>\n<p>No final de novembro, a Prefeitura deu in\u00edcio \u00e0 soltura dos primeiros lotes dos mosquitos Aedes aegypti geneticamente modificados, que fazem parte do projeto \u201cAedes do Bem\u201d. Os bairros de Santa Luzia, Monte Castelo e Vila Olavo Costa foram os primeiros beneficiados, devido \u00e0 preval\u00eancia de casos notificados de dengue. Em 2016, somente no Santa Luzia foram notificados 925 casos da doen\u00e7a, no Monte Castelo, 564, e, na Vila Olavo Costa, 152. Ao todo, segundo a Prefeitura, dez mil moradores foram impactados positivamente com a a\u00e7\u00e3o. Nos pr\u00f3ximos anos, o projeto Aedes do Bem ser\u00e1 expandido.<\/p>\n<p>&nbsp;<\/p>\n<h4>VACINA CONTRA FEBRE AMARELA<\/h4>\n<p>Apesar de n\u00e3o serem registrados casos de febre amarela urbana (transmitida pelo Aedes aegypti) no pa\u00eds desde 1942, as autoridades de sa\u00fade chamam aten\u00e7\u00e3o para a preven\u00e7\u00e3o. A vacina \u00e9 disponibilizada em dose \u00fanica, para pessoas com idade acima de nove meses, que n\u00e3o possuam nenhuma contraindica\u00e7\u00e3o.<\/p>\n<p>Al\u00e9m da vacina\u00e7\u00e3o, o uso de repelente tamb\u00e9m \u00e9 indicado como medida de refor\u00e7o protetivo, n\u00e3o s\u00f3 contra a febre amarela, mas tamb\u00e9m contra dengue, zika e chikungunya.<\/p>\n","protected":false},"excerpt":{"rendered":"<p>A combina\u00e7\u00e3o de chuva e calor, caracter\u00edstica no ver\u00e3o, estabelece um cen\u00e1rio perfeito para a prolifera\u00e7\u00e3o do Aedes aegypt, mosquito transmissor de doen\u00e7as como dengue, zika, chikungunya e, em \u00e2mbito urbano, a febre amarela. A esta\u00e7\u00e3o traz um alerta para as autoridades de sa\u00fade e refor\u00e7a a import\u00e2ncia de combater o vetor. O Levantamento do [&hellip;]<\/p>\n","protected":false},"author":96,"featured_media":0,"comment_status":"closed","ping_status":"closed","sticky":false,"template":"","format":"standard","meta":{"footnotes":""},"categories":[253],"tags":[],"class_list":["post-93061","post","type-post","status-publish","format-standard","hentry","category-cidade"],"_links":{"self":[{"href":"https:\/\/diarioregionaldigital.com.br\/index.php?rest_route=\/wp\/v2\/posts\/93061","targetHints":{"allow":["GET"]}}],"collection":[{"href":"https:\/\/diarioregionaldigital.com.br\/index.php?rest_route=\/wp\/v2\/posts"}],"about":[{"href":"https:\/\/diarioregionaldigital.com.br\/index.php?rest_route=\/wp\/v2\/types\/post"}],"author":[{"embeddable":true,"href":"https:\/\/diarioregionaldigital.com.br\/index.php?rest_route=\/wp\/v2\/users\/96"}],"replies":[{"embeddable":true,"href":"https:\/\/diarioregionaldigital.com.br\/index.php?rest_route=%2Fwp%2Fv2%2Fcomments&post=93061"}],"version-history":[{"count":0,"href":"https:\/\/diarioregionaldigital.com.br\/index.php?rest_route=\/wp\/v2\/posts\/93061\/revisions"}],"wp:attachment":[{"href":"https:\/\/diarioregionaldigital.com.br\/index.php?rest_route=%2Fwp%2Fv2%2Fmedia&parent=93061"}],"wp:term":[{"taxonomy":"category","embeddable":true,"href":"https:\/\/diarioregionaldigital.com.br\/index.php?rest_route=%2Fwp%2Fv2%2Fcategories&post=93061"},{"taxonomy":"post_tag","embeddable":true,"href":"https:\/\/diarioregionaldigital.com.br\/index.php?rest_route=%2Fwp%2Fv2%2Ftags&post=93061"}],"curies":[{"name":"wp","href":"https:\/\/api.w.org\/{rel}","templated":true}]}}