{"id":93060,"date":"2018-03-02T20:44:00","date_gmt":"2018-03-02T23:44:00","guid":{"rendered":"http:\/\/diarioregionaljf.com.br\/2018\/03\/02\/uma-grande-universidade-corporativa\/"},"modified":"2018-04-16T08:04:57","modified_gmt":"2018-04-16T11:04:57","slug":"uma-grande-universidade-corporativa","status":"publish","type":"post","link":"https:\/\/diarioregionaldigital.com.br\/?p=93060","title":{"rendered":"Uma grande Universidade Corporativa"},"content":{"rendered":"<p>A Universidade do CIEE (UniCIEE) foi concebida mediante o esfor\u00e7o de colaboradores das mais diversas \u00e1reas da organiza\u00e7\u00e3o. Mais do que um r\u00f3tulo novo, o conceito sinaliza o investimento estrat\u00e9gico e constante no desenvolvimento das compet\u00eancias essenciais \u00e0s organiza\u00e7\u00f5es.<\/p>\n<p>O projeto de estrutura\u00e7\u00e3o da Universidade Corporativa teve in\u00edcio com uma reuni\u00e3o entre gestores da Telef\u00f4nica Educa\u00e7\u00e3o Digital e a equipe de RH do CIEE. Nessa reuni\u00e3o, foram definidas a equipe de trabalho, as etapas do projeto e o macro cronograma das atividades. O CIEE busca o crescimento e o aprimoramento cont\u00ednuo para alavancar sua imagem, centrada na credibilidade e na confian\u00e7a constru\u00eddas durante seus mais de cinquenta anos de exist\u00eancia, atendendo \u00e0s necessidades da comunidade e aumentando a integra\u00e7\u00e3o entre jovens e o mundo do trabalho, com os seus estagi\u00e1rios e aprendizes.<\/p>\n<p>Com formatos variados, sem um padr\u00e3o definido, as a\u00e7\u00f5es educacionais seguir\u00e3o um objetivo primordial que \u00e9 a qualifica\u00e7\u00e3o, aumentando a competitividade e alavancando o processo de gest\u00e3o do conhecimento nas empresas. Idealizados para serem um centro de capacita\u00e7\u00e3o, esses n\u00facleos, dentro das grandes companhias, t\u00eam por finalidade transmitir sua filosofia, al\u00e9m de desenvolver as compet\u00eancias necess\u00e1rias para que se atinjam os objetivos estrat\u00e9gicos.<\/p>\n<p>Atualmente, esse modelo de capacita\u00e7\u00e3o est\u00e1 sendo aplicado em diversas empresas e tem favorecido o crescimento e a evolu\u00e7\u00e3o de estagi\u00e1rios e aprendizes. Isso porque as empresas t\u00eam apostado cada vez mais em estruturas pr\u00f3prias para garantir a forma\u00e7\u00e3o e o desenvolvimento dos colaboradores em todos os n\u00edveis e de maneira cont\u00ednua.<\/p>\n<p>A UniCIEE faz parte de um conjunto de mudan\u00e7as que est\u00e3o sendo implementadas no CIEE com o objetivo de fortalecer seu atendimento \u00e0 juventude brasileira. \u00c9 importante mencionar que as ideias de crescimento e desenvolvimento s\u00e3o aspectos centrais na constru\u00e7\u00e3o da Universidade Corporativa. No cerne dessa iniciativa est\u00e1 n\u00e3o apenas a preocupa\u00e7\u00e3o com a abrang\u00eancia do projeto, levando o desenvolvimento a todos os colaboradores, mas tamb\u00e9m o est\u00edmulo e o incentivo ao protagonismo e ao autodesenvolvimento.<\/p>\n<p>Por meio de sua miss\u00e3o, o CIEE tem como objetivo expandir suas opera\u00e7\u00f5es, dobrando sua capacidade de atendimento nos pr\u00f3ximos cinco anos. Nesse contexto, a UniCIEE assume um papel importante dentro da institui\u00e7\u00e3o, na medida em que traz aos seus colaboradores a possibilidade de crescimento pessoal e profissional, agregando valor \u00e0 cadeia de atendimento e criando uma cultura de constante aprendizagem e desenvolvimento.<\/p>\n<p>Longe de ser um produto final e acabado, a Universidade Corporativa pode ser vista como algo em processo, pautado pelo desenvolvimento constante e sujeito a sucessivas mudan\u00e7as para se adaptar ao surgimento de novas necessidades.<\/p>\n<p>&nbsp;<\/p>\n<p style=\"text-align: center;\"><strong>Arnaldo Niskier da Academia Brasileira de Letras, Doutor Honoris Causa da Unama e presidente do CIEE\/RJ<\/strong><\/p>\n<p><img loading=\"lazy\" decoding=\"async\" class=\" size-full wp-image-93059\" src=\"http:\/\/diarioregionaljf.com.br\/wp-content\/uploads\/2018\/03\/diario-int-24706-1.jpg\" alt=\"arnaldoniskier.jpg\" width=\"174\" height=\"241\" style=\"display: block; margin-left: auto; margin-right: auto;\" \/><\/p>\n","protected":false},"excerpt":{"rendered":"<p>A Universidade do CIEE (UniCIEE) foi concebida mediante o esfor\u00e7o de colaboradores das mais diversas \u00e1reas da organiza\u00e7\u00e3o. Mais do que um r\u00f3tulo novo, o conceito sinaliza o investimento estrat\u00e9gico e constante no desenvolvimento das compet\u00eancias essenciais \u00e0s organiza\u00e7\u00f5es. O projeto de estrutura\u00e7\u00e3o da Universidade Corporativa teve in\u00edcio com uma reuni\u00e3o entre gestores da Telef\u00f4nica [&hellip;]<\/p>\n","protected":false},"author":96,"featured_media":93058,"comment_status":"closed","ping_status":"closed","sticky":false,"template":"","format":"standard","meta":{"footnotes":""},"categories":[275],"tags":[],"class_list":["post-93060","post","type-post","status-publish","format-standard","has-post-thumbnail","hentry","category-arnaldo-niskier"],"_links":{"self":[{"href":"https:\/\/diarioregionaldigital.com.br\/index.php?rest_route=\/wp\/v2\/posts\/93060","targetHints":{"allow":["GET"]}}],"collection":[{"href":"https:\/\/diarioregionaldigital.com.br\/index.php?rest_route=\/wp\/v2\/posts"}],"about":[{"href":"https:\/\/diarioregionaldigital.com.br\/index.php?rest_route=\/wp\/v2\/types\/post"}],"author":[{"embeddable":true,"href":"https:\/\/diarioregionaldigital.com.br\/index.php?rest_route=\/wp\/v2\/users\/96"}],"replies":[{"embeddable":true,"href":"https:\/\/diarioregionaldigital.com.br\/index.php?rest_route=%2Fwp%2Fv2%2Fcomments&post=93060"}],"version-history":[{"count":0,"href":"https:\/\/diarioregionaldigital.com.br\/index.php?rest_route=\/wp\/v2\/posts\/93060\/revisions"}],"wp:featuredmedia":[{"embeddable":true,"href":"https:\/\/diarioregionaldigital.com.br\/index.php?rest_route=\/wp\/v2\/media\/93058"}],"wp:attachment":[{"href":"https:\/\/diarioregionaldigital.com.br\/index.php?rest_route=%2Fwp%2Fv2%2Fmedia&parent=93060"}],"wp:term":[{"taxonomy":"category","embeddable":true,"href":"https:\/\/diarioregionaldigital.com.br\/index.php?rest_route=%2Fwp%2Fv2%2Fcategories&post=93060"},{"taxonomy":"post_tag","embeddable":true,"href":"https:\/\/diarioregionaldigital.com.br\/index.php?rest_route=%2Fwp%2Fv2%2Ftags&post=93060"}],"curies":[{"name":"wp","href":"https:\/\/api.w.org\/{rel}","templated":true}]}}