{"id":93052,"date":"2018-03-02T20:34:47","date_gmt":"2018-03-02T23:34:47","guid":{"rendered":"http:\/\/diarioregionaljf.com.br\/2018\/03\/02\/proposta-torna-obrigatoria-oferta-de-creche-e-pre-escola-tambem-na-area-rural\/"},"modified":"2018-03-02T20:34:47","modified_gmt":"2018-03-02T23:34:47","slug":"proposta-torna-obrigatoria-oferta-de-creche-e-pre-escola-tambem-na-area-rural","status":"publish","type":"post","link":"https:\/\/diarioregionaldigital.com.br\/?p=93052","title":{"rendered":"Proposta torna obrigat\u00f3ria oferta de creche e pr\u00e9-escola tamb\u00e9m na \u00e1rea rural"},"content":{"rendered":"<p>O deputado Dami\u00e3o Feliciano (PDT-PB) apresentou \u00e0 C\u00e2mara dos Deputados o Projeto de Lei 8618\/17, para definir que a oferta de educa\u00e7\u00e3o infantil em creches e pr\u00e9-escolas por parte dos munic\u00edpios deve atender as zonas urbanas e rurais, na propor\u00e7\u00e3o da distribui\u00e7\u00e3o da popula\u00e7\u00e3o.<\/p>\n<p>A proposta altera a Lei de Diretrizes e Bases da Educa\u00e7\u00e3o Nacional (Lei 9.394\/96), que j\u00e1 estabelece como incumb\u00eancia dos munic\u00edpios a oferta da educa\u00e7\u00e3o infantil, mas n\u00e3o faz qualquer refer\u00eancia ao fato de essa oferta ter de abranger as \u00e1reas urbanas e rurais.<\/p>\n<p>Com o projeto, Feliciano espera acabar com as discrep\u00e2ncias educacionais entre campo e cidade. Citando dados do Minist\u00e9rio da Educa\u00e7\u00e3o, ele lembra que 76,6% das cerca de 64,5 mil creches existentes no Brasil em 2016 estavam nas cidades, sendo 58,8% municipais. \u201cA distor\u00e7\u00e3o \u00e9 gritante. Dados da Pesquisa Nacional por Amostra de Domic\u00edlios (PNAD) indicam que apenas 6,83% das crian\u00e7as da zona rural tinham acesso \u00e0 creche\u201d, acrescenta.<\/p>\n<h4>&nbsp;<\/h4>\n<h4>TRAMITA\u00c7\u00c3O<\/h4>\n<p>O projeto tramita em car\u00e1ter conclusivo e ser\u00e1 analisado pelas comiss\u00f5es de Educa\u00e7\u00e3o; e de Constitui\u00e7\u00e3o e Justi\u00e7a e de Cidadania.<\/p>\n<p>Fonte: Ag\u00eancia C\u00e2mara Not\u00edcias<\/p>\n","protected":false},"excerpt":{"rendered":"<p>O deputado Dami\u00e3o Feliciano (PDT-PB) apresentou \u00e0 C\u00e2mara dos Deputados o Projeto de Lei 8618\/17, para definir que a oferta de educa\u00e7\u00e3o infantil em creches e pr\u00e9-escolas por parte dos munic\u00edpios deve atender as zonas urbanas e rurais, na propor\u00e7\u00e3o da distribui\u00e7\u00e3o da popula\u00e7\u00e3o. A proposta altera a Lei de Diretrizes e Bases da Educa\u00e7\u00e3o [&hellip;]<\/p>\n","protected":false},"author":96,"featured_media":93051,"comment_status":"closed","ping_status":"closed","sticky":false,"template":"","format":"standard","meta":{"footnotes":""},"categories":[254],"tags":[],"class_list":["post-93052","post","type-post","status-publish","format-standard","has-post-thumbnail","hentry","category-politica"],"_links":{"self":[{"href":"https:\/\/diarioregionaldigital.com.br\/index.php?rest_route=\/wp\/v2\/posts\/93052","targetHints":{"allow":["GET"]}}],"collection":[{"href":"https:\/\/diarioregionaldigital.com.br\/index.php?rest_route=\/wp\/v2\/posts"}],"about":[{"href":"https:\/\/diarioregionaldigital.com.br\/index.php?rest_route=\/wp\/v2\/types\/post"}],"author":[{"embeddable":true,"href":"https:\/\/diarioregionaldigital.com.br\/index.php?rest_route=\/wp\/v2\/users\/96"}],"replies":[{"embeddable":true,"href":"https:\/\/diarioregionaldigital.com.br\/index.php?rest_route=%2Fwp%2Fv2%2Fcomments&post=93052"}],"version-history":[{"count":0,"href":"https:\/\/diarioregionaldigital.com.br\/index.php?rest_route=\/wp\/v2\/posts\/93052\/revisions"}],"wp:featuredmedia":[{"embeddable":true,"href":"https:\/\/diarioregionaldigital.com.br\/index.php?rest_route=\/wp\/v2\/media\/93051"}],"wp:attachment":[{"href":"https:\/\/diarioregionaldigital.com.br\/index.php?rest_route=%2Fwp%2Fv2%2Fmedia&parent=93052"}],"wp:term":[{"taxonomy":"category","embeddable":true,"href":"https:\/\/diarioregionaldigital.com.br\/index.php?rest_route=%2Fwp%2Fv2%2Fcategories&post=93052"},{"taxonomy":"post_tag","embeddable":true,"href":"https:\/\/diarioregionaldigital.com.br\/index.php?rest_route=%2Fwp%2Fv2%2Ftags&post=93052"}],"curies":[{"name":"wp","href":"https:\/\/api.w.org\/{rel}","templated":true}]}}